{"id":8842,"date":"2026-03-02T09:35:59","date_gmt":"2026-03-02T08:35:59","guid":{"rendered":"https:\/\/www.kleine-wege.de\/KW\/?p=8842"},"modified":"2026-03-02T09:40:03","modified_gmt":"2026-03-02T08:40:03","slug":"hast-du-bohnen-in-den-ohren","status":"publish","type":"post","link":"https:\/\/www.kleine-wege.de\/KW\/2026\/03\/02\/hast-du-bohnen-in-den-ohren\/","title":{"rendered":"Hast du Bohnen in den Ohren?"},"content":{"rendered":"<p><strong>Hast du Bohnen in den Ohren? \u2013 wenn es einfach zu viel wird<\/strong><\/p>\n<p>Viele Menschen im Autismusspektrum verarbeiten Sinnesreize anders. Das Gehirn filtert Ger\u00e4usche weniger stark, sodass Alltagskl\u00e4nge \u2013 St\u00fchler\u00fccken, Fl\u00fcstern, Neonlichtbrummen, Stra\u00dfenl\u00e4rm, Vogelgezwitscher \u2013 gleichzeitig und ungefiltert ankommen. Besonders auditive Reize k\u00f6nnen dadurch schnell zu einer Reiz\u00fcberflutung (Overload) f\u00fchren. Denn nichts rutscht einfach \u201ezur Seite\u201c. Alles ist da. Und alles will Aufmerksamkeit.<\/p>\n<p>In solchen Momenten kann es passieren, dass Worte zwar geh\u00f6rt werden \u2013 aber zwischen all den weiteren Reizen untergehen. Nicht, weil nicht zugeh\u00f6rt werden m\u00f6chte, sondern weil das Gehirn mit dem Sortieren besch\u00e4ftigt ist. Manche kennen das alte Sprichwort \u201eBohnen in den Ohren haben\u201c. Vielleicht bedeutet es hier etwas ganz anderes: nicht bewusst wegzuh\u00f6ren \u2013 sondern zu viel h\u00f6ren.<\/p>\n<p>Wenn viele Reize gleichzeitig einstr\u00f6men, kann das Nervensystem \u00fcberlastet reagieren. Unruhe, Stress, R\u00fcckzug oder starke Gef\u00fchle sind keine Trotzreaktionen, sondern Zeichen daf\u00fcr, dass gerade alles zu viel ist. Auch schnelle Ablenkbarkeit oder das Vergessen von Gesagtem k\u00f6nnen damit zusammenh\u00e4ngen \u2013 Worte verschwinden wie Spuren im Sand: Kaum sind sie gesetzt, werden sie von vielen anderen Schritten \u00fcberlagert und sind nur noch schwer zu erkennen oder der Wind weht dar\u00fcber und tr\u00e4gt sie direkt wieder fort.<\/p>\n<p>Auditive Hilfsmittel k\u00f6nnen im Alltag eine gro\u00dfe Entlastung sein, ohne dass soziale Teilhabe oder Kommunikation verloren gehen. Besonders hilfreich sind zum Beispiel spezielle In-Ears wie die Loop Earplugs. Sie reduzieren Umgebungsger\u00e4usche um etwa 16\u201318 dB, blenden Sprache aber nicht vollst\u00e4ndig aus. Dadurch bleiben Gespr\u00e4che m\u00f6glich, w\u00e4hrend st\u00f6rende Nebenger\u00e4usche gefiltert werden. Viele empfinden sie als deutlich angenehmer als klassische Ohrst\u00f6psel und nutzen sie gern in Schule, Kita, Freizeit oder bei Veranstaltungen, um besser fokussiert und ruhiger zu bleiben.<\/p>\n<p>Auch Kopfh\u00f6rer mit Ger\u00e4uschd\u00e4mmung oder Noise Cancelling sind bew\u00e4hrte Hilfsmittel, insbesondere bei starker Ger\u00e4uschbelastung oder in bewussten Ruhe- und Konzentrationsphasen \u2013 wie man sie etwa aus Schulen oder Horten kennt. Sie erm\u00f6glichen es Kindern und Erwachsenen, sich zeitweise abzuschirmen und das Nervensystem zu entlasten.<br \/>\nF\u00fcr den p\u00e4dagogischen Alltag k\u00f6nnen zudem Mikrofone, die Lehr- oder Betreuungspersonen um den Hals tragen, sehr unterst\u00fctzend sein. Diese \u00fcbertragen die Stimme direkt auf H\u00f6rger\u00e4te oder Cochlea-Implantate und sorgen f\u00fcr eine klare, fokussierte Ansprache, ohne dass gegen die Ger\u00e4uschkulisse im Raum \u201eangesprochen\u201c werden muss. Erg\u00e4nzend k\u00f6nnen (Eck-)Lautsprecher oder Raumverst\u00e4rker helfen, den Klang gleichm\u00e4\u00dfiger zu verteilen und die allgemeine Lautst\u00e4rke zu senken.<\/p>\n<p>Im Alltag hilft es, Reize insgesamt bewusster zu gestalten: weniger visuelle Ablenkung, klare Strukturen, reduzierte Ger\u00fcche, angenehme Materialien. Kleine Ver\u00e4nderungen k\u00f6nnen gro\u00dfe Wirkung haben.<\/p>\n<p>Wenn Aufmerksamkeit verloren geht, kann sie ebenso sanft wieder eingeladen werden. Ein rhythmischer Sprechgesang, eine klare, ruhige Ansprache, der eigene Name als Anker \u2013 all das kann helfen, die wichtigen Worte aus dem Hintergrundrauschen herauszuheben. Geduld ist dabei oft der wichtigste Begleiter. Weniger Nebenger\u00e4usche, weniger gleichzeitige Anforderungen \u2013 und das Wesentliche wird h\u00f6rbar.<\/p>\n<p><strong>Was Eltern &amp; p\u00e4dagogische Fachkr\u00e4fte konkret tun k\u00f6nnen<\/strong><br \/>\n<strong>Pr\u00e4ventiv:<\/strong><br \/>\n\u2022 R\u00fcckzugsorte schaffen (leise Ecken, Ruher\u00e4ume)<br \/>\n\u2022 Pausen fest einplanen<br \/>\n\u2022 L\u00e4rmschutz wie Kopfh\u00f6rer oder Earplugs selbstverst\u00e4ndlich erlauben<\/p>\n<p><strong>Im \u201eOverload\u201c-Fall:<\/strong><br \/>\n\u2022 Reizquelle reduzieren oder Raum wechseln<br \/>\n\u2022 Weniger sprechen, ruhig bleiben<br \/>\n\u2022 Selbstregulation (z. B. Stimming) zulassen<br \/>\n\u2022 Zeit geben \u2013 nicht dr\u00e4ngen<\/p>\n<p>F\u00fcr viele Kinder und Erwachsene im Autismus\u00acspektrum ist der Alltag von einem permanenten \u201eHintergrundrauschen\u201c begleitet. Auditive Reize sind dabei oft der gr\u00f6\u00dfte Stressfaktor \u2013 aber auch der Bereich, in dem mit einfachen Hilfsmitteln und bewusster Gestaltung viel bewirkt werden kann.<br \/>\nVielleicht bedeutet \u201eBohnen in den Ohren haben\u201c dann nicht mehr: nicht zuh\u00f6ren wollen \u2013<br \/>\nsondern: <strong>endlich die Welt ein bisschen leiser machen d\u00fcrfen.<\/strong><\/p>\n","protected":false},"excerpt":{"rendered":"<p>Hast du Bohnen in den Ohren? \u2013 wenn es einfach zu viel wird Viele Menschen im Autismusspektrum verarbeiten Sinnesreize anders. Das Gehirn filtert Ger\u00e4usche weniger stark, sodass Alltagskl\u00e4nge \u2013 St\u00fchler\u00fccken, Fl\u00fcstern, Neonlichtbrummen, Stra\u00dfenl\u00e4rm, Vogelgezwitscher \u2013 gleichzeitig und ungefiltert ankommen. Besonders auditive Reize k\u00f6nnen dadurch schnell zu einer [&hellip;]<\/p>\n","protected":false},"author":1,"featured_media":8843,"comment_status":"closed","ping_status":"open","sticky":false,"template":"","format":"standard","meta":[],"categories":[1],"tags":[],"yoast_head":"<!-- This site is optimized with the Yoast SEO plugin v19.1 - https:\/\/yoast.com\/wordpress\/plugins\/seo\/ -->\n<title>Hast du Bohnen in den Ohren? - KleineWege\u00ae<\/title>\n<meta name=\"robots\" content=\"index, follow, max-snippet:-1, max-image-preview:large, max-video-preview:-1\" \/>\n<link rel=\"canonical\" href=\"https:\/\/www.kleine-wege.de\/KW\/2026\/03\/02\/hast-du-bohnen-in-den-ohren\/\" \/>\n<meta property=\"og:locale\" content=\"de_DE\" \/>\n<meta property=\"og:type\" content=\"article\" \/>\n<meta property=\"og:title\" content=\"Hast du Bohnen in den Ohren? - KleineWege\u00ae\" \/>\n<meta property=\"og:description\" content=\"Hast du Bohnen in den Ohren? \u2013 wenn es einfach zu viel wird Viele Menschen im Autismusspektrum verarbeiten Sinnesreize anders. Das Gehirn filtert Ger\u00e4usche weniger stark, sodass Alltagskl\u00e4nge \u2013 St\u00fchler\u00fccken, Fl\u00fcstern, Neonlichtbrummen, Stra\u00dfenl\u00e4rm, Vogelgezwitscher \u2013 gleichzeitig und ungefiltert ankommen. Besonders auditive Reize k\u00f6nnen dadurch schnell zu einer [&hellip;]\" \/>\n<meta property=\"og:url\" content=\"https:\/\/www.kleine-wege.de\/KW\/2026\/03\/02\/hast-du-bohnen-in-den-ohren\/\" \/>\n<meta property=\"og:site_name\" content=\"KleineWege\u00ae\" \/>\n<meta property=\"article:published_time\" content=\"2026-03-02T08:35:59+00:00\" \/>\n<meta property=\"article:modified_time\" content=\"2026-03-02T08:40:03+00:00\" \/>\n<meta property=\"og:image\" content=\"https:\/\/www.kleine-wege.de\/KW\/wp-content\/uploads\/2026\/03\/KleineWege_Wahrnehmung.jpg\" \/>\n\t<meta property=\"og:image:width\" content=\"850\" \/>\n\t<meta property=\"og:image:height\" content=\"850\" \/>\n\t<meta property=\"og:image:type\" content=\"image\/jpeg\" \/>\n<meta name=\"twitter:card\" content=\"summary_large_image\" \/>\n<meta name=\"twitter:label1\" content=\"Verfasst von\" \/>\n\t<meta name=\"twitter:data1\" content=\"Yvette Schatz\" \/>\n\t<meta name=\"twitter:label2\" content=\"Gesch\u00e4tzte Lesezeit\" \/>\n\t<meta name=\"twitter:data2\" content=\"3\u00a0Minuten\" \/>\n<script type=\"application\/ld+json\" class=\"yoast-schema-graph\">{\"@context\":\"https:\/\/schema.org\",\"@graph\":[{\"@type\":\"WebSite\",\"@id\":\"https:\/\/www.kleine-wege.de\/KW\/#website\",\"url\":\"https:\/\/www.kleine-wege.de\/KW\/\",\"name\":\"KleineWege\u00ae\",\"description\":\"F\u00f6rderung autistischer Menschen Heilp\u00e4dagogik im Konzept KleineWege\u00ae\",\"potentialAction\":[{\"@type\":\"SearchAction\",\"target\":{\"@type\":\"EntryPoint\",\"urlTemplate\":\"https:\/\/www.kleine-wege.de\/KW\/?s={search_term_string}\"},\"query-input\":\"required name=search_term_string\"}],\"inLanguage\":\"de\"},{\"@type\":\"ImageObject\",\"inLanguage\":\"de\",\"@id\":\"https:\/\/www.kleine-wege.de\/KW\/2026\/03\/02\/hast-du-bohnen-in-den-ohren\/#primaryimage\",\"url\":\"https:\/\/www.kleine-wege.de\/KW\/wp-content\/uploads\/2026\/03\/KleineWege_Wahrnehmung.jpg\",\"contentUrl\":\"https:\/\/www.kleine-wege.de\/KW\/wp-content\/uploads\/2026\/03\/KleineWege_Wahrnehmung.jpg\",\"width\":850,\"height\":850},{\"@type\":\"WebPage\",\"@id\":\"https:\/\/www.kleine-wege.de\/KW\/2026\/03\/02\/hast-du-bohnen-in-den-ohren\/#webpage\",\"url\":\"https:\/\/www.kleine-wege.de\/KW\/2026\/03\/02\/hast-du-bohnen-in-den-ohren\/\",\"name\":\"Hast du Bohnen in den Ohren? - KleineWege\u00ae\",\"isPartOf\":{\"@id\":\"https:\/\/www.kleine-wege.de\/KW\/#website\"},\"primaryImageOfPage\":{\"@id\":\"https:\/\/www.kleine-wege.de\/KW\/2026\/03\/02\/hast-du-bohnen-in-den-ohren\/#primaryimage\"},\"datePublished\":\"2026-03-02T08:35:59+00:00\",\"dateModified\":\"2026-03-02T08:40:03+00:00\",\"author\":{\"@id\":\"https:\/\/www.kleine-wege.de\/KW\/#\/schema\/person\/c96664ffd154d183f315dcc75bb5b139\"},\"breadcrumb\":{\"@id\":\"https:\/\/www.kleine-wege.de\/KW\/2026\/03\/02\/hast-du-bohnen-in-den-ohren\/#breadcrumb\"},\"inLanguage\":\"de\",\"potentialAction\":[{\"@type\":\"ReadAction\",\"target\":[\"https:\/\/www.kleine-wege.de\/KW\/2026\/03\/02\/hast-du-bohnen-in-den-ohren\/\"]}]},{\"@type\":\"BreadcrumbList\",\"@id\":\"https:\/\/www.kleine-wege.de\/KW\/2026\/03\/02\/hast-du-bohnen-in-den-ohren\/#breadcrumb\",\"itemListElement\":[{\"@type\":\"ListItem\",\"position\":1,\"name\":\"Startseite\",\"item\":\"https:\/\/www.kleine-wege.de\/KW\/\"},{\"@type\":\"ListItem\",\"position\":2,\"name\":\"Hast du Bohnen in den Ohren?\"}]},{\"@type\":\"Person\",\"@id\":\"https:\/\/www.kleine-wege.de\/KW\/#\/schema\/person\/c96664ffd154d183f315dcc75bb5b139\",\"name\":\"Yvette Schatz\",\"image\":{\"@type\":\"ImageObject\",\"inLanguage\":\"de\",\"@id\":\"https:\/\/www.kleine-wege.de\/KW\/#\/schema\/person\/image\/\",\"url\":\"https:\/\/secure.gravatar.com\/avatar\/81188b01651729718f1e4caa0cdc5ee1?s=96&d=mm&r=g\",\"contentUrl\":\"https:\/\/secure.gravatar.com\/avatar\/81188b01651729718f1e4caa0cdc5ee1?s=96&d=mm&r=g\",\"caption\":\"Yvette Schatz\"},\"sameAs\":[\"https:\/\/www.kleine-wege.de\/KW\"],\"url\":\"https:\/\/www.kleine-wege.de\/KW\/author\/yvette-schatz\/\"}]}<\/script>\n<!-- \/ Yoast SEO plugin. -->","yoast_head_json":{"title":"Hast du Bohnen in den Ohren? - KleineWege\u00ae","robots":{"index":"index","follow":"follow","max-snippet":"max-snippet:-1","max-image-preview":"max-image-preview:large","max-video-preview":"max-video-preview:-1"},"canonical":"https:\/\/www.kleine-wege.de\/KW\/2026\/03\/02\/hast-du-bohnen-in-den-ohren\/","og_locale":"de_DE","og_type":"article","og_title":"Hast du Bohnen in den Ohren? - KleineWege\u00ae","og_description":"Hast du Bohnen in den Ohren? \u2013 wenn es einfach zu viel wird Viele Menschen im Autismusspektrum verarbeiten Sinnesreize anders. Das Gehirn filtert Ger\u00e4usche weniger stark, sodass Alltagskl\u00e4nge \u2013 St\u00fchler\u00fccken, Fl\u00fcstern, Neonlichtbrummen, Stra\u00dfenl\u00e4rm, Vogelgezwitscher \u2013 gleichzeitig und ungefiltert ankommen. Besonders auditive Reize k\u00f6nnen dadurch schnell zu einer [&hellip;]","og_url":"https:\/\/www.kleine-wege.de\/KW\/2026\/03\/02\/hast-du-bohnen-in-den-ohren\/","og_site_name":"KleineWege\u00ae","article_published_time":"2026-03-02T08:35:59+00:00","article_modified_time":"2026-03-02T08:40:03+00:00","og_image":[{"width":850,"height":850,"url":"https:\/\/www.kleine-wege.de\/KW\/wp-content\/uploads\/2026\/03\/KleineWege_Wahrnehmung.jpg","type":"image\/jpeg"}],"twitter_card":"summary_large_image","twitter_misc":{"Verfasst von":"Yvette Schatz","Gesch\u00e4tzte Lesezeit":"3\u00a0Minuten"},"schema":{"@context":"https:\/\/schema.org","@graph":[{"@type":"WebSite","@id":"https:\/\/www.kleine-wege.de\/KW\/#website","url":"https:\/\/www.kleine-wege.de\/KW\/","name":"KleineWege\u00ae","description":"F\u00f6rderung autistischer Menschen Heilp\u00e4dagogik im Konzept KleineWege\u00ae","potentialAction":[{"@type":"SearchAction","target":{"@type":"EntryPoint","urlTemplate":"https:\/\/www.kleine-wege.de\/KW\/?s={search_term_string}"},"query-input":"required name=search_term_string"}],"inLanguage":"de"},{"@type":"ImageObject","inLanguage":"de","@id":"https:\/\/www.kleine-wege.de\/KW\/2026\/03\/02\/hast-du-bohnen-in-den-ohren\/#primaryimage","url":"https:\/\/www.kleine-wege.de\/KW\/wp-content\/uploads\/2026\/03\/KleineWege_Wahrnehmung.jpg","contentUrl":"https:\/\/www.kleine-wege.de\/KW\/wp-content\/uploads\/2026\/03\/KleineWege_Wahrnehmung.jpg","width":850,"height":850},{"@type":"WebPage","@id":"https:\/\/www.kleine-wege.de\/KW\/2026\/03\/02\/hast-du-bohnen-in-den-ohren\/#webpage","url":"https:\/\/www.kleine-wege.de\/KW\/2026\/03\/02\/hast-du-bohnen-in-den-ohren\/","name":"Hast du Bohnen in den Ohren? - KleineWege\u00ae","isPartOf":{"@id":"https:\/\/www.kleine-wege.de\/KW\/#website"},"primaryImageOfPage":{"@id":"https:\/\/www.kleine-wege.de\/KW\/2026\/03\/02\/hast-du-bohnen-in-den-ohren\/#primaryimage"},"datePublished":"2026-03-02T08:35:59+00:00","dateModified":"2026-03-02T08:40:03+00:00","author":{"@id":"https:\/\/www.kleine-wege.de\/KW\/#\/schema\/person\/c96664ffd154d183f315dcc75bb5b139"},"breadcrumb":{"@id":"https:\/\/www.kleine-wege.de\/KW\/2026\/03\/02\/hast-du-bohnen-in-den-ohren\/#breadcrumb"},"inLanguage":"de","potentialAction":[{"@type":"ReadAction","target":["https:\/\/www.kleine-wege.de\/KW\/2026\/03\/02\/hast-du-bohnen-in-den-ohren\/"]}]},{"@type":"BreadcrumbList","@id":"https:\/\/www.kleine-wege.de\/KW\/2026\/03\/02\/hast-du-bohnen-in-den-ohren\/#breadcrumb","itemListElement":[{"@type":"ListItem","position":1,"name":"Startseite","item":"https:\/\/www.kleine-wege.de\/KW\/"},{"@type":"ListItem","position":2,"name":"Hast du Bohnen in den Ohren?"}]},{"@type":"Person","@id":"https:\/\/www.kleine-wege.de\/KW\/#\/schema\/person\/c96664ffd154d183f315dcc75bb5b139","name":"Yvette Schatz","image":{"@type":"ImageObject","inLanguage":"de","@id":"https:\/\/www.kleine-wege.de\/KW\/#\/schema\/person\/image\/","url":"https:\/\/secure.gravatar.com\/avatar\/81188b01651729718f1e4caa0cdc5ee1?s=96&d=mm&r=g","contentUrl":"https:\/\/secure.gravatar.com\/avatar\/81188b01651729718f1e4caa0cdc5ee1?s=96&d=mm&r=g","caption":"Yvette Schatz"},"sameAs":["https:\/\/www.kleine-wege.de\/KW"],"url":"https:\/\/www.kleine-wege.de\/KW\/author\/yvette-schatz\/"}]}},"_links":{"self":[{"href":"https:\/\/www.kleine-wege.de\/KW\/wp-json\/wp\/v2\/posts\/8842"}],"collection":[{"href":"https:\/\/www.kleine-wege.de\/KW\/wp-json\/wp\/v2\/posts"}],"about":[{"href":"https:\/\/www.kleine-wege.de\/KW\/wp-json\/wp\/v2\/types\/post"}],"author":[{"embeddable":true,"href":"https:\/\/www.kleine-wege.de\/KW\/wp-json\/wp\/v2\/users\/1"}],"replies":[{"embeddable":true,"href":"https:\/\/www.kleine-wege.de\/KW\/wp-json\/wp\/v2\/comments?post=8842"}],"version-history":[{"count":3,"href":"https:\/\/www.kleine-wege.de\/KW\/wp-json\/wp\/v2\/posts\/8842\/revisions"}],"predecessor-version":[{"id":8846,"href":"https:\/\/www.kleine-wege.de\/KW\/wp-json\/wp\/v2\/posts\/8842\/revisions\/8846"}],"wp:featuredmedia":[{"embeddable":true,"href":"https:\/\/www.kleine-wege.de\/KW\/wp-json\/wp\/v2\/media\/8843"}],"wp:attachment":[{"href":"https:\/\/www.kleine-wege.de\/KW\/wp-json\/wp\/v2\/media?parent=8842"}],"wp:term":[{"taxonomy":"category","embeddable":true,"href":"https:\/\/www.kleine-wege.de\/KW\/wp-json\/wp\/v2\/categories?post=8842"},{"taxonomy":"post_tag","embeddable":true,"href":"https:\/\/www.kleine-wege.de\/KW\/wp-json\/wp\/v2\/tags?post=8842"}],"curies":[{"name":"wp","href":"https:\/\/api.w.org\/{rel}","templated":true}]}}