{"id":7644,"date":"2024-09-01T00:09:14","date_gmt":"2024-08-31T22:09:14","guid":{"rendered":"https:\/\/www.kleine-wege.de\/KW\/?p=7644"},"modified":"2024-08-29T12:35:22","modified_gmt":"2024-08-29T10:35:22","slug":"quartalswechsel-farbenfroher-herbst","status":"publish","type":"post","link":"https:\/\/www.kleine-wege.de\/KW\/2024\/09\/01\/quartalswechsel-farbenfroher-herbst\/","title":{"rendered":"Quartalswechsel: Farbenfroher Herbst!"},"content":{"rendered":"<p>Das neue Quartal startet und wir begr\u00fc\u00dfen den Herbst mit all seiner Vielseitigkeit. Reife Fr\u00fcchte werden geerntet, w\u00e4hrend die bunten Bl\u00e4tter der B\u00e4ume in<br \/>\nwarmen Farben leuchten. Lassen wir uns von dieser Jahreszeit inspirieren und gemeinsam den bunten Herbst genie\u00dfen.<\/p>\n<p>Ihr KleineWege\u00ae-Team.<\/p>\n","protected":false},"excerpt":{"rendered":"<p>Das neue Quartal startet und wir begr\u00fc\u00dfen den Herbst mit all seiner Vielseitigkeit. Reife Fr\u00fcchte werden geerntet, w\u00e4hrend die bunten Bl\u00e4tter der B\u00e4ume in warmen Farben leuchten. Lassen wir uns von dieser Jahreszeit inspirieren und gemeinsam den bunten Herbst genie\u00dfen. Ihr KleineWege\u00ae-Team.<\/p>\n","protected":false},"author":1,"featured_media":7646,"comment_status":"closed","ping_status":"open","sticky":false,"template":"","format":"standard","meta":[],"categories":[1],"tags":[101,102,166,244],"yoast_head":"<!-- This site is optimized with the Yoast SEO plugin v19.1 - https:\/\/yoast.com\/wordpress\/plugins\/seo\/ -->\n<title>Quartalswechsel: Farbenfroher Herbst! - KleineWege\u00ae<\/title>\n<meta name=\"robots\" content=\"index, follow, max-snippet:-1, max-image-preview:large, max-video-preview:-1\" \/>\n<link rel=\"canonical\" href=\"https:\/\/www.kleine-wege.de\/KW\/2024\/09\/01\/quartalswechsel-farbenfroher-herbst\/\" \/>\n<meta property=\"og:locale\" content=\"de_DE\" \/>\n<meta property=\"og:type\" content=\"article\" \/>\n<meta property=\"og:title\" content=\"Quartalswechsel: Farbenfroher Herbst! - KleineWege\u00ae\" \/>\n<meta property=\"og:description\" content=\"Das neue Quartal startet und wir begr\u00fc\u00dfen den Herbst mit all seiner Vielseitigkeit. Reife Fr\u00fcchte werden geerntet, w\u00e4hrend die bunten Bl\u00e4tter der B\u00e4ume in warmen Farben leuchten. Lassen wir uns von dieser Jahreszeit inspirieren und gemeinsam den bunten Herbst genie\u00dfen. Ihr KleineWege\u00ae-Team.\" \/>\n<meta property=\"og:url\" content=\"https:\/\/www.kleine-wege.de\/KW\/2024\/09\/01\/quartalswechsel-farbenfroher-herbst\/\" \/>\n<meta property=\"og:site_name\" content=\"KleineWege\u00ae\" \/>\n<meta property=\"article:published_time\" content=\"2024-08-31T22:09:14+00:00\" \/>\n<meta property=\"article:modified_time\" content=\"2024-08-29T10:35:22+00:00\" \/>\n<meta property=\"og:image\" content=\"https:\/\/www.kleine-wege.de\/KW\/wp-content\/uploads\/2024\/09\/KleineWege_Herbst_2024.jpg\" \/>\n\t<meta property=\"og:image:width\" content=\"850\" \/>\n\t<meta property=\"og:image:height\" content=\"850\" \/>\n\t<meta property=\"og:image:type\" content=\"image\/jpeg\" \/>\n<meta name=\"twitter:card\" content=\"summary_large_image\" \/>\n<meta name=\"twitter:label1\" content=\"Verfasst von\" \/>\n\t<meta name=\"twitter:data1\" content=\"Yvette Schatz\" \/>\n<script type=\"application\/ld+json\" class=\"yoast-schema-graph\">{\"@context\":\"https:\/\/schema.org\",\"@graph\":[{\"@type\":\"WebSite\",\"@id\":\"https:\/\/www.kleine-wege.de\/KW\/#website\",\"url\":\"https:\/\/www.kleine-wege.de\/KW\/\",\"name\":\"KleineWege\u00ae\",\"description\":\"F\u00f6rderung autistischer Menschen Heilp\u00e4dagogik im Konzept KleineWege\u00ae\",\"potentialAction\":[{\"@type\":\"SearchAction\",\"target\":{\"@type\":\"EntryPoint\",\"urlTemplate\":\"https:\/\/www.kleine-wege.de\/KW\/?s={search_term_string}\"},\"query-input\":\"required name=search_term_string\"}],\"inLanguage\":\"de\"},{\"@type\":\"ImageObject\",\"inLanguage\":\"de\",\"@id\":\"https:\/\/www.kleine-wege.de\/KW\/2024\/09\/01\/quartalswechsel-farbenfroher-herbst\/#primaryimage\",\"url\":\"https:\/\/www.kleine-wege.de\/KW\/wp-content\/uploads\/2024\/09\/KleineWege_Herbst_2024.jpg\",\"contentUrl\":\"https:\/\/www.kleine-wege.de\/KW\/wp-content\/uploads\/2024\/09\/KleineWege_Herbst_2024.jpg\",\"width\":850,\"height\":850},{\"@type\":\"WebPage\",\"@id\":\"https:\/\/www.kleine-wege.de\/KW\/2024\/09\/01\/quartalswechsel-farbenfroher-herbst\/#webpage\",\"url\":\"https:\/\/www.kleine-wege.de\/KW\/2024\/09\/01\/quartalswechsel-farbenfroher-herbst\/\",\"name\":\"Quartalswechsel: Farbenfroher Herbst! - KleineWege\u00ae\",\"isPartOf\":{\"@id\":\"https:\/\/www.kleine-wege.de\/KW\/#website\"},\"primaryImageOfPage\":{\"@id\":\"https:\/\/www.kleine-wege.de\/KW\/2024\/09\/01\/quartalswechsel-farbenfroher-herbst\/#primaryimage\"},\"datePublished\":\"2024-08-31T22:09:14+00:00\",\"dateModified\":\"2024-08-29T10:35:22+00:00\",\"author\":{\"@id\":\"https:\/\/www.kleine-wege.de\/KW\/#\/schema\/person\/c96664ffd154d183f315dcc75bb5b139\"},\"breadcrumb\":{\"@id\":\"https:\/\/www.kleine-wege.de\/KW\/2024\/09\/01\/quartalswechsel-farbenfroher-herbst\/#breadcrumb\"},\"inLanguage\":\"de\",\"potentialAction\":[{\"@type\":\"ReadAction\",\"target\":[\"https:\/\/www.kleine-wege.de\/KW\/2024\/09\/01\/quartalswechsel-farbenfroher-herbst\/\"]}]},{\"@type\":\"BreadcrumbList\",\"@id\":\"https:\/\/www.kleine-wege.de\/KW\/2024\/09\/01\/quartalswechsel-farbenfroher-herbst\/#breadcrumb\",\"itemListElement\":[{\"@type\":\"ListItem\",\"position\":1,\"name\":\"Startseite\",\"item\":\"https:\/\/www.kleine-wege.de\/KW\/\"},{\"@type\":\"ListItem\",\"position\":2,\"name\":\"Quartalswechsel: Farbenfroher Herbst!\"}]},{\"@type\":\"Person\",\"@id\":\"https:\/\/www.kleine-wege.de\/KW\/#\/schema\/person\/c96664ffd154d183f315dcc75bb5b139\",\"name\":\"Yvette Schatz\",\"image\":{\"@type\":\"ImageObject\",\"inLanguage\":\"de\",\"@id\":\"https:\/\/www.kleine-wege.de\/KW\/#\/schema\/person\/image\/\",\"url\":\"https:\/\/secure.gravatar.com\/avatar\/81188b01651729718f1e4caa0cdc5ee1?s=96&d=mm&r=g\",\"contentUrl\":\"https:\/\/secure.gravatar.com\/avatar\/81188b01651729718f1e4caa0cdc5ee1?s=96&d=mm&r=g\",\"caption\":\"Yvette Schatz\"},\"sameAs\":[\"https:\/\/www.kleine-wege.de\/KW\"],\"url\":\"https:\/\/www.kleine-wege.de\/KW\/author\/yvette-schatz\/\"}]}<\/script>\n<!-- \/ Yoast SEO plugin. -->","yoast_head_json":{"title":"Quartalswechsel: Farbenfroher Herbst! - KleineWege\u00ae","robots":{"index":"index","follow":"follow","max-snippet":"max-snippet:-1","max-image-preview":"max-image-preview:large","max-video-preview":"max-video-preview:-1"},"canonical":"https:\/\/www.kleine-wege.de\/KW\/2024\/09\/01\/quartalswechsel-farbenfroher-herbst\/","og_locale":"de_DE","og_type":"article","og_title":"Quartalswechsel: Farbenfroher Herbst! - KleineWege\u00ae","og_description":"Das neue Quartal startet und wir begr\u00fc\u00dfen den Herbst mit all seiner Vielseitigkeit. Reife Fr\u00fcchte werden geerntet, w\u00e4hrend die bunten Bl\u00e4tter der B\u00e4ume in warmen Farben leuchten. Lassen wir uns von dieser Jahreszeit inspirieren und gemeinsam den bunten Herbst genie\u00dfen. Ihr KleineWege\u00ae-Team.","og_url":"https:\/\/www.kleine-wege.de\/KW\/2024\/09\/01\/quartalswechsel-farbenfroher-herbst\/","og_site_name":"KleineWege\u00ae","article_published_time":"2024-08-31T22:09:14+00:00","article_modified_time":"2024-08-29T10:35:22+00:00","og_image":[{"width":850,"height":850,"url":"https:\/\/www.kleine-wege.de\/KW\/wp-content\/uploads\/2024\/09\/KleineWege_Herbst_2024.jpg","type":"image\/jpeg"}],"twitter_card":"summary_large_image","twitter_misc":{"Verfasst von":"Yvette Schatz"},"schema":{"@context":"https:\/\/schema.org","@graph":[{"@type":"WebSite","@id":"https:\/\/www.kleine-wege.de\/KW\/#website","url":"https:\/\/www.kleine-wege.de\/KW\/","name":"KleineWege\u00ae","description":"F\u00f6rderung autistischer Menschen Heilp\u00e4dagogik im Konzept KleineWege\u00ae","potentialAction":[{"@type":"SearchAction","target":{"@type":"EntryPoint","urlTemplate":"https:\/\/www.kleine-wege.de\/KW\/?s={search_term_string}"},"query-input":"required name=search_term_string"}],"inLanguage":"de"},{"@type":"ImageObject","inLanguage":"de","@id":"https:\/\/www.kleine-wege.de\/KW\/2024\/09\/01\/quartalswechsel-farbenfroher-herbst\/#primaryimage","url":"https:\/\/www.kleine-wege.de\/KW\/wp-content\/uploads\/2024\/09\/KleineWege_Herbst_2024.jpg","contentUrl":"https:\/\/www.kleine-wege.de\/KW\/wp-content\/uploads\/2024\/09\/KleineWege_Herbst_2024.jpg","width":850,"height":850},{"@type":"WebPage","@id":"https:\/\/www.kleine-wege.de\/KW\/2024\/09\/01\/quartalswechsel-farbenfroher-herbst\/#webpage","url":"https:\/\/www.kleine-wege.de\/KW\/2024\/09\/01\/quartalswechsel-farbenfroher-herbst\/","name":"Quartalswechsel: Farbenfroher Herbst! - KleineWege\u00ae","isPartOf":{"@id":"https:\/\/www.kleine-wege.de\/KW\/#website"},"primaryImageOfPage":{"@id":"https:\/\/www.kleine-wege.de\/KW\/2024\/09\/01\/quartalswechsel-farbenfroher-herbst\/#primaryimage"},"datePublished":"2024-08-31T22:09:14+00:00","dateModified":"2024-08-29T10:35:22+00:00","author":{"@id":"https:\/\/www.kleine-wege.de\/KW\/#\/schema\/person\/c96664ffd154d183f315dcc75bb5b139"},"breadcrumb":{"@id":"https:\/\/www.kleine-wege.de\/KW\/2024\/09\/01\/quartalswechsel-farbenfroher-herbst\/#breadcrumb"},"inLanguage":"de","potentialAction":[{"@type":"ReadAction","target":["https:\/\/www.kleine-wege.de\/KW\/2024\/09\/01\/quartalswechsel-farbenfroher-herbst\/"]}]},{"@type":"BreadcrumbList","@id":"https:\/\/www.kleine-wege.de\/KW\/2024\/09\/01\/quartalswechsel-farbenfroher-herbst\/#breadcrumb","itemListElement":[{"@type":"ListItem","position":1,"name":"Startseite","item":"https:\/\/www.kleine-wege.de\/KW\/"},{"@type":"ListItem","position":2,"name":"Quartalswechsel: Farbenfroher Herbst!"}]},{"@type":"Person","@id":"https:\/\/www.kleine-wege.de\/KW\/#\/schema\/person\/c96664ffd154d183f315dcc75bb5b139","name":"Yvette Schatz","image":{"@type":"ImageObject","inLanguage":"de","@id":"https:\/\/www.kleine-wege.de\/KW\/#\/schema\/person\/image\/","url":"https:\/\/secure.gravatar.com\/avatar\/81188b01651729718f1e4caa0cdc5ee1?s=96&d=mm&r=g","contentUrl":"https:\/\/secure.gravatar.com\/avatar\/81188b01651729718f1e4caa0cdc5ee1?s=96&d=mm&r=g","caption":"Yvette Schatz"},"sameAs":["https:\/\/www.kleine-wege.de\/KW"],"url":"https:\/\/www.kleine-wege.de\/KW\/author\/yvette-schatz\/"}]}},"_links":{"self":[{"href":"https:\/\/www.kleine-wege.de\/KW\/wp-json\/wp\/v2\/posts\/7644"}],"collection":[{"href":"https:\/\/www.kleine-wege.de\/KW\/wp-json\/wp\/v2\/posts"}],"about":[{"href":"https:\/\/www.kleine-wege.de\/KW\/wp-json\/wp\/v2\/types\/post"}],"author":[{"embeddable":true,"href":"https:\/\/www.kleine-wege.de\/KW\/wp-json\/wp\/v2\/users\/1"}],"replies":[{"embeddable":true,"href":"https:\/\/www.kleine-wege.de\/KW\/wp-json\/wp\/v2\/comments?post=7644"}],"version-history":[{"count":1,"href":"https:\/\/www.kleine-wege.de\/KW\/wp-json\/wp\/v2\/posts\/7644\/revisions"}],"predecessor-version":[{"id":7645,"href":"https:\/\/www.kleine-wege.de\/KW\/wp-json\/wp\/v2\/posts\/7644\/revisions\/7645"}],"wp:featuredmedia":[{"embeddable":true,"href":"https:\/\/www.kleine-wege.de\/KW\/wp-json\/wp\/v2\/media\/7646"}],"wp:attachment":[{"href":"https:\/\/www.kleine-wege.de\/KW\/wp-json\/wp\/v2\/media?parent=7644"}],"wp:term":[{"taxonomy":"category","embeddable":true,"href":"https:\/\/www.kleine-wege.de\/KW\/wp-json\/wp\/v2\/categories?post=7644"},{"taxonomy":"post_tag","embeddable":true,"href":"https:\/\/www.kleine-wege.de\/KW\/wp-json\/wp\/v2\/tags?post=7644"}],"curies":[{"name":"wp","href":"https:\/\/api.w.org\/{rel}","templated":true}]}}