{"id":6956,"date":"2024-03-01T00:02:49","date_gmt":"2024-02-29T23:02:49","guid":{"rendered":"https:\/\/www.kleine-wege.de\/KW\/?p=6956"},"modified":"2024-02-29T10:10:38","modified_gmt":"2024-02-29T09:10:38","slug":"quartalswechsel-ab-in-die-gummistiefel","status":"publish","type":"post","link":"https:\/\/www.kleine-wege.de\/KW\/2024\/03\/01\/quartalswechsel-ab-in-die-gummistiefel\/","title":{"rendered":"Quartalswechsel: Ab in die Gummistiefel"},"content":{"rendered":"<p><strong>Ab in die Gummistiefel und auf ins Beet!<\/strong><\/p>\n<p>Die Natur erwacht und die Sonne verw\u00f6hnt uns mit ihrer W\u00e4rme. Der Fr\u00fchling ist da und es ist Gartenzeit. Beim G\u00e4rtnern gibt es viel zum Entdecken, Staunen und Freuen. In den n\u00e4chsten Monaten wird auch bei KleineWege\u00ae ges\u00e4t, gepflegt und geerntet.<\/p>\n<p>Genie\u00dfen Sie mit uns die Fr\u00fchlingszeit und haben Sie sch\u00f6ne Gartentage!<br \/>\nIhr KleineWege\u00ae-Team.<\/p>\n","protected":false},"excerpt":{"rendered":"<p>Ab in die Gummistiefel und auf ins Beet! Die Natur erwacht und die Sonne verw\u00f6hnt uns mit ihrer W\u00e4rme. Der Fr\u00fchling ist da und es ist Gartenzeit. Beim G\u00e4rtnern gibt es viel zum Entdecken, Staunen und Freuen. In den n\u00e4chsten Monaten wird auch bei KleineWege\u00ae ges\u00e4t, gepflegt [&hellip;]<\/p>\n","protected":false},"author":1,"featured_media":6957,"comment_status":"open","ping_status":"open","sticky":false,"template":"","format":"standard","meta":[],"categories":[1],"tags":[30,29,33,38,211,161,27,31,26,205,157],"yoast_head":"<!-- This site is optimized with the Yoast SEO plugin v19.1 - https:\/\/yoast.com\/wordpress\/plugins\/seo\/ -->\n<title>Quartalswechsel: Ab in die Gummistiefel - KleineWege\u00ae<\/title>\n<meta name=\"robots\" content=\"index, follow, max-snippet:-1, max-image-preview:large, max-video-preview:-1\" \/>\n<link rel=\"canonical\" href=\"https:\/\/www.kleine-wege.de\/KW\/2024\/03\/01\/quartalswechsel-ab-in-die-gummistiefel\/\" \/>\n<meta property=\"og:locale\" content=\"de_DE\" \/>\n<meta property=\"og:type\" content=\"article\" \/>\n<meta property=\"og:title\" content=\"Quartalswechsel: Ab in die Gummistiefel - KleineWege\u00ae\" \/>\n<meta property=\"og:description\" content=\"Ab in die Gummistiefel und auf ins Beet! Die Natur erwacht und die Sonne verw\u00f6hnt uns mit ihrer W\u00e4rme. Der Fr\u00fchling ist da und es ist Gartenzeit. Beim G\u00e4rtnern gibt es viel zum Entdecken, Staunen und Freuen. In den n\u00e4chsten Monaten wird auch bei KleineWege\u00ae ges\u00e4t, gepflegt [&hellip;]\" \/>\n<meta property=\"og:url\" content=\"https:\/\/www.kleine-wege.de\/KW\/2024\/03\/01\/quartalswechsel-ab-in-die-gummistiefel\/\" \/>\n<meta property=\"og:site_name\" content=\"KleineWege\u00ae\" \/>\n<meta property=\"article:published_time\" content=\"2024-02-29T23:02:49+00:00\" \/>\n<meta property=\"article:modified_time\" content=\"2024-02-29T09:10:38+00:00\" \/>\n<meta property=\"og:image\" content=\"https:\/\/www.kleine-wege.de\/KW\/wp-content\/uploads\/2024\/02\/KleineWege_Fruehling.jpg\" \/>\n\t<meta property=\"og:image:width\" content=\"850\" \/>\n\t<meta property=\"og:image:height\" content=\"850\" \/>\n\t<meta property=\"og:image:type\" content=\"image\/jpeg\" \/>\n<meta name=\"twitter:card\" content=\"summary_large_image\" \/>\n<meta name=\"twitter:label1\" content=\"Verfasst von\" \/>\n\t<meta name=\"twitter:data1\" content=\"Yvette Schatz\" \/>\n<script type=\"application\/ld+json\" class=\"yoast-schema-graph\">{\"@context\":\"https:\/\/schema.org\",\"@graph\":[{\"@type\":\"WebSite\",\"@id\":\"https:\/\/www.kleine-wege.de\/KW\/#website\",\"url\":\"https:\/\/www.kleine-wege.de\/KW\/\",\"name\":\"KleineWege\u00ae\",\"description\":\"F\u00f6rderung autistischer Menschen Heilp\u00e4dagogik im Konzept KleineWege\u00ae\",\"potentialAction\":[{\"@type\":\"SearchAction\",\"target\":{\"@type\":\"EntryPoint\",\"urlTemplate\":\"https:\/\/www.kleine-wege.de\/KW\/?s={search_term_string}\"},\"query-input\":\"required name=search_term_string\"}],\"inLanguage\":\"de\"},{\"@type\":\"ImageObject\",\"inLanguage\":\"de\",\"@id\":\"https:\/\/www.kleine-wege.de\/KW\/2024\/03\/01\/quartalswechsel-ab-in-die-gummistiefel\/#primaryimage\",\"url\":\"https:\/\/www.kleine-wege.de\/KW\/wp-content\/uploads\/2024\/02\/KleineWege_Fruehling.jpg\",\"contentUrl\":\"https:\/\/www.kleine-wege.de\/KW\/wp-content\/uploads\/2024\/02\/KleineWege_Fruehling.jpg\",\"width\":850,\"height\":850},{\"@type\":\"WebPage\",\"@id\":\"https:\/\/www.kleine-wege.de\/KW\/2024\/03\/01\/quartalswechsel-ab-in-die-gummistiefel\/#webpage\",\"url\":\"https:\/\/www.kleine-wege.de\/KW\/2024\/03\/01\/quartalswechsel-ab-in-die-gummistiefel\/\",\"name\":\"Quartalswechsel: Ab in die Gummistiefel - KleineWege\u00ae\",\"isPartOf\":{\"@id\":\"https:\/\/www.kleine-wege.de\/KW\/#website\"},\"primaryImageOfPage\":{\"@id\":\"https:\/\/www.kleine-wege.de\/KW\/2024\/03\/01\/quartalswechsel-ab-in-die-gummistiefel\/#primaryimage\"},\"datePublished\":\"2024-02-29T23:02:49+00:00\",\"dateModified\":\"2024-02-29T09:10:38+00:00\",\"author\":{\"@id\":\"https:\/\/www.kleine-wege.de\/KW\/#\/schema\/person\/c96664ffd154d183f315dcc75bb5b139\"},\"breadcrumb\":{\"@id\":\"https:\/\/www.kleine-wege.de\/KW\/2024\/03\/01\/quartalswechsel-ab-in-die-gummistiefel\/#breadcrumb\"},\"inLanguage\":\"de\",\"potentialAction\":[{\"@type\":\"ReadAction\",\"target\":[\"https:\/\/www.kleine-wege.de\/KW\/2024\/03\/01\/quartalswechsel-ab-in-die-gummistiefel\/\"]}]},{\"@type\":\"BreadcrumbList\",\"@id\":\"https:\/\/www.kleine-wege.de\/KW\/2024\/03\/01\/quartalswechsel-ab-in-die-gummistiefel\/#breadcrumb\",\"itemListElement\":[{\"@type\":\"ListItem\",\"position\":1,\"name\":\"Startseite\",\"item\":\"https:\/\/www.kleine-wege.de\/KW\/\"},{\"@type\":\"ListItem\",\"position\":2,\"name\":\"Quartalswechsel: Ab in die Gummistiefel\"}]},{\"@type\":\"Person\",\"@id\":\"https:\/\/www.kleine-wege.de\/KW\/#\/schema\/person\/c96664ffd154d183f315dcc75bb5b139\",\"name\":\"Yvette Schatz\",\"image\":{\"@type\":\"ImageObject\",\"inLanguage\":\"de\",\"@id\":\"https:\/\/www.kleine-wege.de\/KW\/#\/schema\/person\/image\/\",\"url\":\"https:\/\/secure.gravatar.com\/avatar\/81188b01651729718f1e4caa0cdc5ee1?s=96&d=mm&r=g\",\"contentUrl\":\"https:\/\/secure.gravatar.com\/avatar\/81188b01651729718f1e4caa0cdc5ee1?s=96&d=mm&r=g\",\"caption\":\"Yvette Schatz\"},\"sameAs\":[\"https:\/\/www.kleine-wege.de\/KW\"],\"url\":\"https:\/\/www.kleine-wege.de\/KW\/author\/yvette-schatz\/\"}]}<\/script>\n<!-- \/ Yoast SEO plugin. -->","yoast_head_json":{"title":"Quartalswechsel: Ab in die Gummistiefel - KleineWege\u00ae","robots":{"index":"index","follow":"follow","max-snippet":"max-snippet:-1","max-image-preview":"max-image-preview:large","max-video-preview":"max-video-preview:-1"},"canonical":"https:\/\/www.kleine-wege.de\/KW\/2024\/03\/01\/quartalswechsel-ab-in-die-gummistiefel\/","og_locale":"de_DE","og_type":"article","og_title":"Quartalswechsel: Ab in die Gummistiefel - KleineWege\u00ae","og_description":"Ab in die Gummistiefel und auf ins Beet! Die Natur erwacht und die Sonne verw\u00f6hnt uns mit ihrer W\u00e4rme. Der Fr\u00fchling ist da und es ist Gartenzeit. Beim G\u00e4rtnern gibt es viel zum Entdecken, Staunen und Freuen. In den n\u00e4chsten Monaten wird auch bei KleineWege\u00ae ges\u00e4t, gepflegt [&hellip;]","og_url":"https:\/\/www.kleine-wege.de\/KW\/2024\/03\/01\/quartalswechsel-ab-in-die-gummistiefel\/","og_site_name":"KleineWege\u00ae","article_published_time":"2024-02-29T23:02:49+00:00","article_modified_time":"2024-02-29T09:10:38+00:00","og_image":[{"width":850,"height":850,"url":"https:\/\/www.kleine-wege.de\/KW\/wp-content\/uploads\/2024\/02\/KleineWege_Fruehling.jpg","type":"image\/jpeg"}],"twitter_card":"summary_large_image","twitter_misc":{"Verfasst von":"Yvette Schatz"},"schema":{"@context":"https:\/\/schema.org","@graph":[{"@type":"WebSite","@id":"https:\/\/www.kleine-wege.de\/KW\/#website","url":"https:\/\/www.kleine-wege.de\/KW\/","name":"KleineWege\u00ae","description":"F\u00f6rderung autistischer Menschen Heilp\u00e4dagogik im Konzept KleineWege\u00ae","potentialAction":[{"@type":"SearchAction","target":{"@type":"EntryPoint","urlTemplate":"https:\/\/www.kleine-wege.de\/KW\/?s={search_term_string}"},"query-input":"required name=search_term_string"}],"inLanguage":"de"},{"@type":"ImageObject","inLanguage":"de","@id":"https:\/\/www.kleine-wege.de\/KW\/2024\/03\/01\/quartalswechsel-ab-in-die-gummistiefel\/#primaryimage","url":"https:\/\/www.kleine-wege.de\/KW\/wp-content\/uploads\/2024\/02\/KleineWege_Fruehling.jpg","contentUrl":"https:\/\/www.kleine-wege.de\/KW\/wp-content\/uploads\/2024\/02\/KleineWege_Fruehling.jpg","width":850,"height":850},{"@type":"WebPage","@id":"https:\/\/www.kleine-wege.de\/KW\/2024\/03\/01\/quartalswechsel-ab-in-die-gummistiefel\/#webpage","url":"https:\/\/www.kleine-wege.de\/KW\/2024\/03\/01\/quartalswechsel-ab-in-die-gummistiefel\/","name":"Quartalswechsel: Ab in die Gummistiefel - KleineWege\u00ae","isPartOf":{"@id":"https:\/\/www.kleine-wege.de\/KW\/#website"},"primaryImageOfPage":{"@id":"https:\/\/www.kleine-wege.de\/KW\/2024\/03\/01\/quartalswechsel-ab-in-die-gummistiefel\/#primaryimage"},"datePublished":"2024-02-29T23:02:49+00:00","dateModified":"2024-02-29T09:10:38+00:00","author":{"@id":"https:\/\/www.kleine-wege.de\/KW\/#\/schema\/person\/c96664ffd154d183f315dcc75bb5b139"},"breadcrumb":{"@id":"https:\/\/www.kleine-wege.de\/KW\/2024\/03\/01\/quartalswechsel-ab-in-die-gummistiefel\/#breadcrumb"},"inLanguage":"de","potentialAction":[{"@type":"ReadAction","target":["https:\/\/www.kleine-wege.de\/KW\/2024\/03\/01\/quartalswechsel-ab-in-die-gummistiefel\/"]}]},{"@type":"BreadcrumbList","@id":"https:\/\/www.kleine-wege.de\/KW\/2024\/03\/01\/quartalswechsel-ab-in-die-gummistiefel\/#breadcrumb","itemListElement":[{"@type":"ListItem","position":1,"name":"Startseite","item":"https:\/\/www.kleine-wege.de\/KW\/"},{"@type":"ListItem","position":2,"name":"Quartalswechsel: Ab in die Gummistiefel"}]},{"@type":"Person","@id":"https:\/\/www.kleine-wege.de\/KW\/#\/schema\/person\/c96664ffd154d183f315dcc75bb5b139","name":"Yvette Schatz","image":{"@type":"ImageObject","inLanguage":"de","@id":"https:\/\/www.kleine-wege.de\/KW\/#\/schema\/person\/image\/","url":"https:\/\/secure.gravatar.com\/avatar\/81188b01651729718f1e4caa0cdc5ee1?s=96&d=mm&r=g","contentUrl":"https:\/\/secure.gravatar.com\/avatar\/81188b01651729718f1e4caa0cdc5ee1?s=96&d=mm&r=g","caption":"Yvette Schatz"},"sameAs":["https:\/\/www.kleine-wege.de\/KW"],"url":"https:\/\/www.kleine-wege.de\/KW\/author\/yvette-schatz\/"}]}},"_links":{"self":[{"href":"https:\/\/www.kleine-wege.de\/KW\/wp-json\/wp\/v2\/posts\/6956"}],"collection":[{"href":"https:\/\/www.kleine-wege.de\/KW\/wp-json\/wp\/v2\/posts"}],"about":[{"href":"https:\/\/www.kleine-wege.de\/KW\/wp-json\/wp\/v2\/types\/post"}],"author":[{"embeddable":true,"href":"https:\/\/www.kleine-wege.de\/KW\/wp-json\/wp\/v2\/users\/1"}],"replies":[{"embeddable":true,"href":"https:\/\/www.kleine-wege.de\/KW\/wp-json\/wp\/v2\/comments?post=6956"}],"version-history":[{"count":2,"href":"https:\/\/www.kleine-wege.de\/KW\/wp-json\/wp\/v2\/posts\/6956\/revisions"}],"predecessor-version":[{"id":6959,"href":"https:\/\/www.kleine-wege.de\/KW\/wp-json\/wp\/v2\/posts\/6956\/revisions\/6959"}],"wp:featuredmedia":[{"embeddable":true,"href":"https:\/\/www.kleine-wege.de\/KW\/wp-json\/wp\/v2\/media\/6957"}],"wp:attachment":[{"href":"https:\/\/www.kleine-wege.de\/KW\/wp-json\/wp\/v2\/media?parent=6956"}],"wp:term":[{"taxonomy":"category","embeddable":true,"href":"https:\/\/www.kleine-wege.de\/KW\/wp-json\/wp\/v2\/categories?post=6956"},{"taxonomy":"post_tag","embeddable":true,"href":"https:\/\/www.kleine-wege.de\/KW\/wp-json\/wp\/v2\/tags?post=6956"}],"curies":[{"name":"wp","href":"https:\/\/api.w.org\/{rel}","templated":true}]}}