{"id":3296,"date":"2021-07-21T11:40:35","date_gmt":"2021-07-21T09:40:35","guid":{"rendered":"https:\/\/www.kleine-wege.de\/KW\/?p=3296"},"modified":"2023-02-02T14:11:15","modified_gmt":"2023-02-02T13:11:15","slug":"kleinewege-freebie-fuer-ferienkinder-reiselustige-oder-planverliebte","status":"publish","type":"post","link":"https:\/\/www.kleine-wege.de\/KW\/2021\/07\/21\/kleinewege-freebie-fuer-ferienkinder-reiselustige-oder-planverliebte\/","title":{"rendered":"KleineWege\u00ae-Freebie f\u00fcr Ferienkinder, Reiselustige oder Planverliebte!"},"content":{"rendered":"<h6>KleineWege\u00ae-Motivbogen f\u00fcr Ferienkinder, Reiselustige oder Planverliebte!<\/h6>\n<div class=\"post_content\">\n<p><strong>Geschichten mit Ole:<\/strong><\/p>\n<p>Juhu, Urlaubszeit! Die Freude ist gro\u00df, w\u00e4re da nicht die lange Fahrt bis zur Nordsee! Ole k\u00f6nnte schon ausflippen, wenn er nur daran denkt! Lange Autofahrten strapazieren die Nerven von Kindern und Eltern, denn Langeweile ist ein gro\u00dfer Stressfaktor beim Reisen. Um die Wartezeit zum Abreisetag zu verk\u00fcrzen und\/oder sich auf die Reise vorzubereiten, sammelt Ole einige Tage vor Abreise die wichtigsten Dinge in seinem \u201eStreichholz-Koffer\u201c. Auch im Auto hat Ole seinen Koffer dabei. Er spielt mit seiner Familie \u201eIch packe meinen Koffer und nehme mit &#8230;\u201c. Das verk\u00fcrzt nicht nur spielerisch die Fahrzeit, sondern bringt Spa\u00df und f\u00f6rdert zugleich die Konzentration. Viel Spa\u00df beim Nachmachen!<\/p>\n<p>Downloaden Sie unseren Bogen zum Nachbauen dieser Ideenkiste <a href=\"https:\/\/www.versandkiste-kleine-wege.de\/wp-content\/uploads\/2021\/07\/KleineWege_Freebie_Koffer.pdf\"><strong>hier<\/strong><\/a>!<\/p>\n<style type=\"text\/css\">.fusion-gallery-1 .fusion-gallery-image {border:0px solid #e2e2e2;}<\/style><div class=\"fusion-gallery fusion-gallery-container fusion-grid-3 fusion-columns-total-4 fusion-gallery-layout-grid fusion-gallery-1\" style=\"margin:-11px;\"><div style=\"padding:11.5px;\" class=\"fusion-grid-column fusion-gallery-column fusion-gallery-column-3 hover-type-zoomin\"><div class=\"fusion-gallery-image\"><a href=\"https:\/\/www.kleine-wege.de\/KW\/wp-content\/uploads\/2022\/01\/KleineWege_Koffer_1.jpg\" rel=\"noreferrer\" data-rel=\"iLightbox[gallery_image_1]\" class=\"fusion-lightbox\" target=\"_self\"><img decoding=\"async\" src=\"https:\/\/www.kleine-wege.de\/KW\/wp-content\/uploads\/2022\/01\/KleineWege_Koffer_1.jpg\" width=\"1200\" height=\"750\" alt=\"\" title=\"KleineWege_Koffer_1\" aria-label=\"KleineWege_Koffer_1\" class=\"img-responsive wp-image-3297\" srcset=\"https:\/\/www.kleine-wege.de\/KW\/wp-content\/uploads\/2022\/01\/KleineWege_Koffer_1-200x125.jpg 200w, https:\/\/www.kleine-wege.de\/KW\/wp-content\/uploads\/2022\/01\/KleineWege_Koffer_1-400x250.jpg 400w, https:\/\/www.kleine-wege.de\/KW\/wp-content\/uploads\/2022\/01\/KleineWege_Koffer_1-600x375.jpg 600w, https:\/\/www.kleine-wege.de\/KW\/wp-content\/uploads\/2022\/01\/KleineWege_Koffer_1-800x500.jpg 800w, https:\/\/www.kleine-wege.de\/KW\/wp-content\/uploads\/2022\/01\/KleineWege_Koffer_1.jpg 1200w\" sizes=\"(min-width: 2200px) 100vw, (min-width: 784px) 426px, (min-width: 712px) 639px, (min-width: 640px) 712px, \" \/><\/a><\/div><\/div><div style=\"padding:11.5px;\" class=\"fusion-grid-column fusion-gallery-column fusion-gallery-column-3 hover-type-zoomin\"><div class=\"fusion-gallery-image\"><a href=\"https:\/\/www.kleine-wege.de\/KW\/wp-content\/uploads\/2022\/01\/KleineWege_Koffer_2.jpg\" rel=\"noreferrer\" data-rel=\"iLightbox[gallery_image_1]\" class=\"fusion-lightbox\" target=\"_self\"><img decoding=\"async\" src=\"https:\/\/www.kleine-wege.de\/KW\/wp-content\/uploads\/2022\/01\/KleineWege_Koffer_2.jpg\" width=\"1200\" height=\"750\" alt=\"\" title=\"KleineWege_Koffer_2\" aria-label=\"KleineWege_Koffer_2\" class=\"img-responsive wp-image-3298\" srcset=\"https:\/\/www.kleine-wege.de\/KW\/wp-content\/uploads\/2022\/01\/KleineWege_Koffer_2-200x125.jpg 200w, https:\/\/www.kleine-wege.de\/KW\/wp-content\/uploads\/2022\/01\/KleineWege_Koffer_2-400x250.jpg 400w, https:\/\/www.kleine-wege.de\/KW\/wp-content\/uploads\/2022\/01\/KleineWege_Koffer_2-600x375.jpg 600w, https:\/\/www.kleine-wege.de\/KW\/wp-content\/uploads\/2022\/01\/KleineWege_Koffer_2-800x500.jpg 800w, https:\/\/www.kleine-wege.de\/KW\/wp-content\/uploads\/2022\/01\/KleineWege_Koffer_2.jpg 1200w\" sizes=\"(min-width: 2200px) 100vw, (min-width: 784px) 426px, (min-width: 712px) 639px, (min-width: 640px) 712px, \" \/><\/a><\/div><\/div><div style=\"padding:11.5px;\" class=\"fusion-grid-column fusion-gallery-column fusion-gallery-column-3 hover-type-zoomin\"><div class=\"fusion-gallery-image\"><a href=\"https:\/\/www.kleine-wege.de\/KW\/wp-content\/uploads\/2022\/01\/KleineWege_Koffer_3.jpg\" rel=\"noreferrer\" data-rel=\"iLightbox[gallery_image_1]\" class=\"fusion-lightbox\" target=\"_self\"><img decoding=\"async\" src=\"https:\/\/www.kleine-wege.de\/KW\/wp-content\/uploads\/2022\/01\/KleineWege_Koffer_3.jpg\" width=\"1200\" height=\"750\" alt=\"\" title=\"KleineWege_Koffer_3\" aria-label=\"KleineWege_Koffer_3\" class=\"img-responsive wp-image-3299\" srcset=\"https:\/\/www.kleine-wege.de\/KW\/wp-content\/uploads\/2022\/01\/KleineWege_Koffer_3-200x125.jpg 200w, https:\/\/www.kleine-wege.de\/KW\/wp-content\/uploads\/2022\/01\/KleineWege_Koffer_3-400x250.jpg 400w, https:\/\/www.kleine-wege.de\/KW\/wp-content\/uploads\/2022\/01\/KleineWege_Koffer_3-600x375.jpg 600w, https:\/\/www.kleine-wege.de\/KW\/wp-content\/uploads\/2022\/01\/KleineWege_Koffer_3-800x500.jpg 800w, https:\/\/www.kleine-wege.de\/KW\/wp-content\/uploads\/2022\/01\/KleineWege_Koffer_3.jpg 1200w\" sizes=\"(min-width: 2200px) 100vw, (min-width: 784px) 426px, (min-width: 712px) 639px, (min-width: 640px) 712px, \" \/><\/a><\/div><\/div><div class=\"clearfix\"><\/div><div style=\"padding:11.5px;\" class=\"fusion-grid-column fusion-gallery-column fusion-gallery-column-3 hover-type-zoomin\"><div class=\"fusion-gallery-image\"><a href=\"https:\/\/www.kleine-wege.de\/KW\/wp-content\/uploads\/2022\/01\/KleineWege_Koffer_4.jpg\" rel=\"noreferrer\" data-rel=\"iLightbox[gallery_image_1]\" class=\"fusion-lightbox\" target=\"_self\"><img decoding=\"async\" src=\"https:\/\/www.kleine-wege.de\/KW\/wp-content\/uploads\/2022\/01\/KleineWege_Koffer_4.jpg\" width=\"1200\" height=\"750\" alt=\"\" title=\"KleineWege_Koffer_4\" aria-label=\"KleineWege_Koffer_4\" class=\"img-responsive wp-image-3300\" srcset=\"https:\/\/www.kleine-wege.de\/KW\/wp-content\/uploads\/2022\/01\/KleineWege_Koffer_4-200x125.jpg 200w, https:\/\/www.kleine-wege.de\/KW\/wp-content\/uploads\/2022\/01\/KleineWege_Koffer_4-400x250.jpg 400w, https:\/\/www.kleine-wege.de\/KW\/wp-content\/uploads\/2022\/01\/KleineWege_Koffer_4-600x375.jpg 600w, https:\/\/www.kleine-wege.de\/KW\/wp-content\/uploads\/2022\/01\/KleineWege_Koffer_4-800x500.jpg 800w, https:\/\/www.kleine-wege.de\/KW\/wp-content\/uploads\/2022\/01\/KleineWege_Koffer_4.jpg 1200w\" sizes=\"(min-width: 2200px) 100vw, (min-width: 784px) 426px, (min-width: 712px) 639px, (min-width: 640px) 712px, \" \/><\/a><\/div><\/div><\/div>\n<p>&nbsp;<\/p>\n<\/div>\n","protected":false},"excerpt":{"rendered":"<p>KleineWege\u00ae-Motivbogen f\u00fcr Ferienkinder, Reiselustige oder Planverliebte! Geschichten mit Ole: Juhu, Urlaubszeit! Die Freude ist gro\u00df, w\u00e4re da nicht die lange Fahrt bis zur Nordsee! Ole k\u00f6nnte schon ausflippen, wenn er nur daran denkt! Lange Autofahrten strapazieren die Nerven von Kindern und Eltern, denn Langeweile ist ein gro\u00dfer [&hellip;]<\/p>\n","protected":false},"author":1,"featured_media":3301,"comment_status":"open","ping_status":"open","sticky":false,"template":"","format":"standard","meta":[],"categories":[1],"tags":[87,30,29,33,99,91,39,27,25,94,28,26,100,93,98,96,49,95,92,97],"yoast_head":"<!-- This site is optimized with the Yoast SEO plugin v19.1 - https:\/\/yoast.com\/wordpress\/plugins\/seo\/ -->\n<title>KleineWege\u00ae-Freebie f\u00fcr Ferienkinder, Reiselustige oder Planverliebte! - KleineWege\u00ae<\/title>\n<meta name=\"robots\" content=\"index, follow, max-snippet:-1, max-image-preview:large, max-video-preview:-1\" \/>\n<link rel=\"canonical\" href=\"https:\/\/www.kleine-wege.de\/KW\/2021\/07\/21\/kleinewege-freebie-fuer-ferienkinder-reiselustige-oder-planverliebte\/\" \/>\n<meta property=\"og:locale\" content=\"de_DE\" \/>\n<meta property=\"og:type\" content=\"article\" \/>\n<meta property=\"og:title\" content=\"KleineWege\u00ae-Freebie f\u00fcr Ferienkinder, Reiselustige oder Planverliebte! - KleineWege\u00ae\" \/>\n<meta property=\"og:description\" content=\"KleineWege\u00ae-Motivbogen f\u00fcr Ferienkinder, Reiselustige oder Planverliebte! Geschichten mit Ole: Juhu, Urlaubszeit! Die Freude ist gro\u00df, w\u00e4re da nicht die lange Fahrt bis zur Nordsee! Ole k\u00f6nnte schon ausflippen, wenn er nur daran denkt! Lange Autofahrten strapazieren die Nerven von Kindern und Eltern, denn Langeweile ist ein gro\u00dfer [&hellip;]\" \/>\n<meta property=\"og:url\" content=\"https:\/\/www.kleine-wege.de\/KW\/2021\/07\/21\/kleinewege-freebie-fuer-ferienkinder-reiselustige-oder-planverliebte\/\" \/>\n<meta property=\"og:site_name\" content=\"KleineWege\u00ae\" \/>\n<meta property=\"article:published_time\" content=\"2021-07-21T09:40:35+00:00\" \/>\n<meta property=\"article:modified_time\" content=\"2023-02-02T13:11:15+00:00\" \/>\n<meta property=\"og:image\" content=\"https:\/\/www.kleine-wege.de\/KW\/wp-content\/uploads\/2022\/01\/KleineWege_Koffer_B.jpg\" \/>\n\t<meta property=\"og:image:width\" content=\"850\" \/>\n\t<meta property=\"og:image:height\" content=\"850\" \/>\n\t<meta property=\"og:image:type\" content=\"image\/jpeg\" \/>\n<meta name=\"twitter:card\" content=\"summary_large_image\" \/>\n<meta name=\"twitter:label1\" content=\"Verfasst von\" \/>\n\t<meta name=\"twitter:data1\" content=\"Yvette Schatz\" \/>\n\t<meta name=\"twitter:label2\" content=\"Gesch\u00e4tzte Lesezeit\" \/>\n\t<meta name=\"twitter:data2\" content=\"1\u00a0Minute\" \/>\n<script type=\"application\/ld+json\" class=\"yoast-schema-graph\">{\"@context\":\"https:\/\/schema.org\",\"@graph\":[{\"@type\":\"WebSite\",\"@id\":\"https:\/\/www.kleine-wege.de\/KW\/#website\",\"url\":\"https:\/\/www.kleine-wege.de\/KW\/\",\"name\":\"KleineWege\u00ae\",\"description\":\"F\u00f6rderung autistischer Menschen Heilp\u00e4dagogik im Konzept KleineWege\u00ae\",\"potentialAction\":[{\"@type\":\"SearchAction\",\"target\":{\"@type\":\"EntryPoint\",\"urlTemplate\":\"https:\/\/www.kleine-wege.de\/KW\/?s={search_term_string}\"},\"query-input\":\"required name=search_term_string\"}],\"inLanguage\":\"de\"},{\"@type\":\"ImageObject\",\"inLanguage\":\"de\",\"@id\":\"https:\/\/www.kleine-wege.de\/KW\/2021\/07\/21\/kleinewege-freebie-fuer-ferienkinder-reiselustige-oder-planverliebte\/#primaryimage\",\"url\":\"https:\/\/www.kleine-wege.de\/KW\/wp-content\/uploads\/2022\/01\/KleineWege_Koffer_B.jpg\",\"contentUrl\":\"https:\/\/www.kleine-wege.de\/KW\/wp-content\/uploads\/2022\/01\/KleineWege_Koffer_B.jpg\",\"width\":850,\"height\":850},{\"@type\":\"WebPage\",\"@id\":\"https:\/\/www.kleine-wege.de\/KW\/2021\/07\/21\/kleinewege-freebie-fuer-ferienkinder-reiselustige-oder-planverliebte\/#webpage\",\"url\":\"https:\/\/www.kleine-wege.de\/KW\/2021\/07\/21\/kleinewege-freebie-fuer-ferienkinder-reiselustige-oder-planverliebte\/\",\"name\":\"KleineWege\u00ae-Freebie f\u00fcr Ferienkinder, Reiselustige oder Planverliebte! - KleineWege\u00ae\",\"isPartOf\":{\"@id\":\"https:\/\/www.kleine-wege.de\/KW\/#website\"},\"primaryImageOfPage\":{\"@id\":\"https:\/\/www.kleine-wege.de\/KW\/2021\/07\/21\/kleinewege-freebie-fuer-ferienkinder-reiselustige-oder-planverliebte\/#primaryimage\"},\"datePublished\":\"2021-07-21T09:40:35+00:00\",\"dateModified\":\"2023-02-02T13:11:15+00:00\",\"author\":{\"@id\":\"https:\/\/www.kleine-wege.de\/KW\/#\/schema\/person\/c96664ffd154d183f315dcc75bb5b139\"},\"breadcrumb\":{\"@id\":\"https:\/\/www.kleine-wege.de\/KW\/2021\/07\/21\/kleinewege-freebie-fuer-ferienkinder-reiselustige-oder-planverliebte\/#breadcrumb\"},\"inLanguage\":\"de\",\"potentialAction\":[{\"@type\":\"ReadAction\",\"target\":[\"https:\/\/www.kleine-wege.de\/KW\/2021\/07\/21\/kleinewege-freebie-fuer-ferienkinder-reiselustige-oder-planverliebte\/\"]}]},{\"@type\":\"BreadcrumbList\",\"@id\":\"https:\/\/www.kleine-wege.de\/KW\/2021\/07\/21\/kleinewege-freebie-fuer-ferienkinder-reiselustige-oder-planverliebte\/#breadcrumb\",\"itemListElement\":[{\"@type\":\"ListItem\",\"position\":1,\"name\":\"Startseite\",\"item\":\"https:\/\/www.kleine-wege.de\/KW\/\"},{\"@type\":\"ListItem\",\"position\":2,\"name\":\"KleineWege\u00ae-Freebie f\u00fcr Ferienkinder, Reiselustige oder Planverliebte!\"}]},{\"@type\":\"Person\",\"@id\":\"https:\/\/www.kleine-wege.de\/KW\/#\/schema\/person\/c96664ffd154d183f315dcc75bb5b139\",\"name\":\"Yvette Schatz\",\"image\":{\"@type\":\"ImageObject\",\"inLanguage\":\"de\",\"@id\":\"https:\/\/www.kleine-wege.de\/KW\/#\/schema\/person\/image\/\",\"url\":\"https:\/\/secure.gravatar.com\/avatar\/81188b01651729718f1e4caa0cdc5ee1?s=96&d=mm&r=g\",\"contentUrl\":\"https:\/\/secure.gravatar.com\/avatar\/81188b01651729718f1e4caa0cdc5ee1?s=96&d=mm&r=g\",\"caption\":\"Yvette Schatz\"},\"sameAs\":[\"https:\/\/www.kleine-wege.de\/KW\"],\"url\":\"https:\/\/www.kleine-wege.de\/KW\/author\/yvette-schatz\/\"}]}<\/script>\n<!-- \/ Yoast SEO plugin. -->","yoast_head_json":{"title":"KleineWege\u00ae-Freebie f\u00fcr Ferienkinder, Reiselustige oder Planverliebte! - KleineWege\u00ae","robots":{"index":"index","follow":"follow","max-snippet":"max-snippet:-1","max-image-preview":"max-image-preview:large","max-video-preview":"max-video-preview:-1"},"canonical":"https:\/\/www.kleine-wege.de\/KW\/2021\/07\/21\/kleinewege-freebie-fuer-ferienkinder-reiselustige-oder-planverliebte\/","og_locale":"de_DE","og_type":"article","og_title":"KleineWege\u00ae-Freebie f\u00fcr Ferienkinder, Reiselustige oder Planverliebte! - KleineWege\u00ae","og_description":"KleineWege\u00ae-Motivbogen f\u00fcr Ferienkinder, Reiselustige oder Planverliebte! Geschichten mit Ole: Juhu, Urlaubszeit! Die Freude ist gro\u00df, w\u00e4re da nicht die lange Fahrt bis zur Nordsee! Ole k\u00f6nnte schon ausflippen, wenn er nur daran denkt! Lange Autofahrten strapazieren die Nerven von Kindern und Eltern, denn Langeweile ist ein gro\u00dfer [&hellip;]","og_url":"https:\/\/www.kleine-wege.de\/KW\/2021\/07\/21\/kleinewege-freebie-fuer-ferienkinder-reiselustige-oder-planverliebte\/","og_site_name":"KleineWege\u00ae","article_published_time":"2021-07-21T09:40:35+00:00","article_modified_time":"2023-02-02T13:11:15+00:00","og_image":[{"width":850,"height":850,"url":"https:\/\/www.kleine-wege.de\/KW\/wp-content\/uploads\/2022\/01\/KleineWege_Koffer_B.jpg","type":"image\/jpeg"}],"twitter_card":"summary_large_image","twitter_misc":{"Verfasst von":"Yvette Schatz","Gesch\u00e4tzte Lesezeit":"1\u00a0Minute"},"schema":{"@context":"https:\/\/schema.org","@graph":[{"@type":"WebSite","@id":"https:\/\/www.kleine-wege.de\/KW\/#website","url":"https:\/\/www.kleine-wege.de\/KW\/","name":"KleineWege\u00ae","description":"F\u00f6rderung autistischer Menschen Heilp\u00e4dagogik im Konzept KleineWege\u00ae","potentialAction":[{"@type":"SearchAction","target":{"@type":"EntryPoint","urlTemplate":"https:\/\/www.kleine-wege.de\/KW\/?s={search_term_string}"},"query-input":"required name=search_term_string"}],"inLanguage":"de"},{"@type":"ImageObject","inLanguage":"de","@id":"https:\/\/www.kleine-wege.de\/KW\/2021\/07\/21\/kleinewege-freebie-fuer-ferienkinder-reiselustige-oder-planverliebte\/#primaryimage","url":"https:\/\/www.kleine-wege.de\/KW\/wp-content\/uploads\/2022\/01\/KleineWege_Koffer_B.jpg","contentUrl":"https:\/\/www.kleine-wege.de\/KW\/wp-content\/uploads\/2022\/01\/KleineWege_Koffer_B.jpg","width":850,"height":850},{"@type":"WebPage","@id":"https:\/\/www.kleine-wege.de\/KW\/2021\/07\/21\/kleinewege-freebie-fuer-ferienkinder-reiselustige-oder-planverliebte\/#webpage","url":"https:\/\/www.kleine-wege.de\/KW\/2021\/07\/21\/kleinewege-freebie-fuer-ferienkinder-reiselustige-oder-planverliebte\/","name":"KleineWege\u00ae-Freebie f\u00fcr Ferienkinder, Reiselustige oder Planverliebte! - KleineWege\u00ae","isPartOf":{"@id":"https:\/\/www.kleine-wege.de\/KW\/#website"},"primaryImageOfPage":{"@id":"https:\/\/www.kleine-wege.de\/KW\/2021\/07\/21\/kleinewege-freebie-fuer-ferienkinder-reiselustige-oder-planverliebte\/#primaryimage"},"datePublished":"2021-07-21T09:40:35+00:00","dateModified":"2023-02-02T13:11:15+00:00","author":{"@id":"https:\/\/www.kleine-wege.de\/KW\/#\/schema\/person\/c96664ffd154d183f315dcc75bb5b139"},"breadcrumb":{"@id":"https:\/\/www.kleine-wege.de\/KW\/2021\/07\/21\/kleinewege-freebie-fuer-ferienkinder-reiselustige-oder-planverliebte\/#breadcrumb"},"inLanguage":"de","potentialAction":[{"@type":"ReadAction","target":["https:\/\/www.kleine-wege.de\/KW\/2021\/07\/21\/kleinewege-freebie-fuer-ferienkinder-reiselustige-oder-planverliebte\/"]}]},{"@type":"BreadcrumbList","@id":"https:\/\/www.kleine-wege.de\/KW\/2021\/07\/21\/kleinewege-freebie-fuer-ferienkinder-reiselustige-oder-planverliebte\/#breadcrumb","itemListElement":[{"@type":"ListItem","position":1,"name":"Startseite","item":"https:\/\/www.kleine-wege.de\/KW\/"},{"@type":"ListItem","position":2,"name":"KleineWege\u00ae-Freebie f\u00fcr Ferienkinder, Reiselustige oder Planverliebte!"}]},{"@type":"Person","@id":"https:\/\/www.kleine-wege.de\/KW\/#\/schema\/person\/c96664ffd154d183f315dcc75bb5b139","name":"Yvette Schatz","image":{"@type":"ImageObject","inLanguage":"de","@id":"https:\/\/www.kleine-wege.de\/KW\/#\/schema\/person\/image\/","url":"https:\/\/secure.gravatar.com\/avatar\/81188b01651729718f1e4caa0cdc5ee1?s=96&d=mm&r=g","contentUrl":"https:\/\/secure.gravatar.com\/avatar\/81188b01651729718f1e4caa0cdc5ee1?s=96&d=mm&r=g","caption":"Yvette Schatz"},"sameAs":["https:\/\/www.kleine-wege.de\/KW"],"url":"https:\/\/www.kleine-wege.de\/KW\/author\/yvette-schatz\/"}]}},"_links":{"self":[{"href":"https:\/\/www.kleine-wege.de\/KW\/wp-json\/wp\/v2\/posts\/3296"}],"collection":[{"href":"https:\/\/www.kleine-wege.de\/KW\/wp-json\/wp\/v2\/posts"}],"about":[{"href":"https:\/\/www.kleine-wege.de\/KW\/wp-json\/wp\/v2\/types\/post"}],"author":[{"embeddable":true,"href":"https:\/\/www.kleine-wege.de\/KW\/wp-json\/wp\/v2\/users\/1"}],"replies":[{"embeddable":true,"href":"https:\/\/www.kleine-wege.de\/KW\/wp-json\/wp\/v2\/comments?post=3296"}],"version-history":[{"count":4,"href":"https:\/\/www.kleine-wege.de\/KW\/wp-json\/wp\/v2\/posts\/3296\/revisions"}],"predecessor-version":[{"id":4877,"href":"https:\/\/www.kleine-wege.de\/KW\/wp-json\/wp\/v2\/posts\/3296\/revisions\/4877"}],"wp:featuredmedia":[{"embeddable":true,"href":"https:\/\/www.kleine-wege.de\/KW\/wp-json\/wp\/v2\/media\/3301"}],"wp:attachment":[{"href":"https:\/\/www.kleine-wege.de\/KW\/wp-json\/wp\/v2\/media?parent=3296"}],"wp:term":[{"taxonomy":"category","embeddable":true,"href":"https:\/\/www.kleine-wege.de\/KW\/wp-json\/wp\/v2\/categories?post=3296"},{"taxonomy":"post_tag","embeddable":true,"href":"https:\/\/www.kleine-wege.de\/KW\/wp-json\/wp\/v2\/tags?post=3296"}],"curies":[{"name":"wp","href":"https:\/\/api.w.org\/{rel}","templated":true}]}}