{"id":3263,"date":"2021-05-28T09:18:47","date_gmt":"2021-05-28T07:18:47","guid":{"rendered":"https:\/\/www.kleine-wege.de\/KW\/?p=3263"},"modified":"2024-04-03T13:00:25","modified_gmt":"2024-04-03T11:00:25","slug":"perspektivwechsel-alles-eine-frage-der-sichtweise","status":"publish","type":"post","link":"https:\/\/www.kleine-wege.de\/KW\/2021\/05\/28\/perspektivwechsel-alles-eine-frage-der-sichtweise\/","title":{"rendered":"Perspektivwechsel \u2013 Alles eine Frage der Sichtweise!"},"content":{"rendered":"<div class=\"fusion-fullwidth fullwidth-box fusion-builder-row-1 fusion-flex-container nonhundred-percent-fullwidth non-hundred-percent-height-scrolling\" style=\"background-color: rgba(255,255,255,0);background-position: center center;background-repeat: no-repeat;border-width: 0px 0px 0px 0px;border-color:#e2e2e2;border-style:solid;\" ><div class=\"fusion-builder-row fusion-row fusion-flex-align-items-flex-start\" style=\"max-width:calc( 1300px + 0px );margin-left: calc(-0px \/ 2 );margin-right: calc(-0px \/ 2 );\"><div class=\"fusion-layout-column fusion_builder_column fusion-builder-column-0 fusion_builder_column_1_1 1_1 fusion-flex-column\"><div class=\"fusion-column-wrapper fusion-flex-justify-content-flex-start fusion-content-layout-column\" style=\"background-position:left top;background-repeat:no-repeat;-webkit-background-size:cover;-moz-background-size:cover;-o-background-size:cover;background-size:cover;padding: 0px 0px 0px 0px;\"><div class=\"fusion-text fusion-text-1\" style=\"transform:translate3d(0,0,0);\"><h6>Perspektivwechsel \u2013 Alles eine Frage der Sichtweise!<\/h6>\n<div class=\"post_content\">\n<p><strong>Geschichten mit Hans<\/strong><\/p>\n<p>Im Unterricht kann Hans meist jede gestellte Frage von seinem Lehrer Herrn Stern beantworten. Als Erster hebt Hans seinen Arm, wann immer er die Antwort wei\u00df. Das finden nicht alle in seiner Klasse toll.<\/p>\n<p>Heute schauen wir durch die Brille seiner Mitsch\u00fcler:innen und \u00fcberlegen, was die anderen denken k\u00f6nnten. Die Visualisierungen erm\u00f6glichen Hans die verschiedenen Perspektiven der Kinder zu erkennen. Hans stellt fest, dass es unterschiedliche Sichtweisen gibt. Fehleinsch\u00e4tzungen k\u00f6nnen nun gemeinsam zu einer nachvollziehbaren Schlussfolgerung erarbeitet und soziale Regeln abgeleitet werden.<\/p>\n<p><em>Eine Idee f\u00fcr Lehrer:innen, Schulbegleiter:innen, P\u00e4dagog:innen, Eltern und Untersch\u00fctzer*innen<\/em><\/p>\n<\/p>\n<p><a href=\"https:\/\/www.versandkiste-kleine-wege.de\/produkt\/arbeitsblatt-download-durch-die-brille-von-sehe-ich\/\"><strong>Hier geht es zum Arbeitsblatt!<\/strong><\/a><\/p>\n<h4>perspektivwechsel #socialstories #schule #sozialekompetenzen #sichtweisen #kinder #p\u00e4dagogik #heilp\u00e4dagogik #unterricht #sozialeswissen  #zentralekoh\u00e4renz #kommunikation #theoryofmind #autismus #autism #kleinewege #verlagkleinewege<\/h4>\n<\/p>\n<\/div>\n<\/div><style type=\"text\/css\">.fusion-gallery-1 .fusion-gallery-image {border:0px solid #e2e2e2;}<\/style><div class=\"fusion-gallery fusion-gallery-container fusion-grid-3 fusion-columns-total-4 fusion-gallery-layout-grid fusion-gallery-1\" style=\"margin:-11px;\"><div style=\"padding:11.5px;\" class=\"fusion-grid-column fusion-gallery-column fusion-gallery-column-3 hover-type-zoomin\"><div class=\"fusion-gallery-image\"><a href=\"https:\/\/www.kleine-wege.de\/KW\/wp-content\/uploads\/2022\/01\/KleineWege_socialstories_Hans_1.jpg\" rel=\"noreferrer\" data-rel=\"iLightbox[gallery_image_1]\" class=\"fusion-lightbox\" target=\"_self\"><img decoding=\"async\" src=\"https:\/\/www.kleine-wege.de\/KW\/wp-content\/uploads\/2022\/01\/KleineWege_socialstories_Hans_1.jpg\" width=\"1200\" height=\"750\" alt=\"\" title=\"KleineWege_socialstories_Hans_1\" aria-label=\"KleineWege_socialstories_Hans_1\" class=\"img-responsive wp-image-3267\" srcset=\"https:\/\/www.kleine-wege.de\/KW\/wp-content\/uploads\/2022\/01\/KleineWege_socialstories_Hans_1-200x125.jpg 200w, https:\/\/www.kleine-wege.de\/KW\/wp-content\/uploads\/2022\/01\/KleineWege_socialstories_Hans_1-400x250.jpg 400w, https:\/\/www.kleine-wege.de\/KW\/wp-content\/uploads\/2022\/01\/KleineWege_socialstories_Hans_1-600x375.jpg 600w, https:\/\/www.kleine-wege.de\/KW\/wp-content\/uploads\/2022\/01\/KleineWege_socialstories_Hans_1-800x500.jpg 800w, https:\/\/www.kleine-wege.de\/KW\/wp-content\/uploads\/2022\/01\/KleineWege_socialstories_Hans_1.jpg 1200w\" sizes=\"(min-width: 2200px) 100vw, (min-width: 784px) 426px, (min-width: 712px) 639px, (min-width: 640px) 712px, \" \/><\/a><\/div><\/div><div style=\"padding:11.5px;\" class=\"fusion-grid-column fusion-gallery-column fusion-gallery-column-3 hover-type-zoomin\"><div class=\"fusion-gallery-image\"><a href=\"https:\/\/www.kleine-wege.de\/KW\/wp-content\/uploads\/2022\/01\/KleineWege_socialstories_Hans_2.jpg\" rel=\"noreferrer\" data-rel=\"iLightbox[gallery_image_1]\" class=\"fusion-lightbox\" target=\"_self\"><img decoding=\"async\" src=\"https:\/\/www.kleine-wege.de\/KW\/wp-content\/uploads\/2022\/01\/KleineWege_socialstories_Hans_2.jpg\" width=\"1200\" height=\"750\" alt=\"\" title=\"KleineWege_socialstories_Hans_2\" aria-label=\"KleineWege_socialstories_Hans_2\" class=\"img-responsive wp-image-3268\" srcset=\"https:\/\/www.kleine-wege.de\/KW\/wp-content\/uploads\/2022\/01\/KleineWege_socialstories_Hans_2-200x125.jpg 200w, https:\/\/www.kleine-wege.de\/KW\/wp-content\/uploads\/2022\/01\/KleineWege_socialstories_Hans_2-400x250.jpg 400w, https:\/\/www.kleine-wege.de\/KW\/wp-content\/uploads\/2022\/01\/KleineWege_socialstories_Hans_2-600x375.jpg 600w, https:\/\/www.kleine-wege.de\/KW\/wp-content\/uploads\/2022\/01\/KleineWege_socialstories_Hans_2-800x500.jpg 800w, https:\/\/www.kleine-wege.de\/KW\/wp-content\/uploads\/2022\/01\/KleineWege_socialstories_Hans_2.jpg 1200w\" sizes=\"(min-width: 2200px) 100vw, (min-width: 784px) 426px, (min-width: 712px) 639px, (min-width: 640px) 712px, \" \/><\/a><\/div><\/div><div style=\"padding:11.5px;\" class=\"fusion-grid-column fusion-gallery-column fusion-gallery-column-3 hover-type-zoomin\"><div class=\"fusion-gallery-image\"><a href=\"https:\/\/www.kleine-wege.de\/KW\/wp-content\/uploads\/2022\/01\/KleineWege_socialstories_Hans_3.jpg\" rel=\"noreferrer\" data-rel=\"iLightbox[gallery_image_1]\" class=\"fusion-lightbox\" target=\"_self\"><img decoding=\"async\" src=\"https:\/\/www.kleine-wege.de\/KW\/wp-content\/uploads\/2022\/01\/KleineWege_socialstories_Hans_3.jpg\" width=\"1200\" height=\"750\" alt=\"\" title=\"KleineWege_socialstories_Hans_3\" aria-label=\"KleineWege_socialstories_Hans_3\" class=\"img-responsive wp-image-3269\" srcset=\"https:\/\/www.kleine-wege.de\/KW\/wp-content\/uploads\/2022\/01\/KleineWege_socialstories_Hans_3-200x125.jpg 200w, https:\/\/www.kleine-wege.de\/KW\/wp-content\/uploads\/2022\/01\/KleineWege_socialstories_Hans_3-400x250.jpg 400w, https:\/\/www.kleine-wege.de\/KW\/wp-content\/uploads\/2022\/01\/KleineWege_socialstories_Hans_3-600x375.jpg 600w, https:\/\/www.kleine-wege.de\/KW\/wp-content\/uploads\/2022\/01\/KleineWege_socialstories_Hans_3-800x500.jpg 800w, https:\/\/www.kleine-wege.de\/KW\/wp-content\/uploads\/2022\/01\/KleineWege_socialstories_Hans_3.jpg 1200w\" sizes=\"(min-width: 2200px) 100vw, (min-width: 784px) 426px, (min-width: 712px) 639px, (min-width: 640px) 712px, \" \/><\/a><\/div><\/div><div class=\"clearfix\"><\/div><div style=\"padding:11.5px;\" class=\"fusion-grid-column fusion-gallery-column fusion-gallery-column-3 hover-type-zoomin\"><div class=\"fusion-gallery-image\"><a href=\"https:\/\/www.kleine-wege.de\/KW\/wp-content\/uploads\/2022\/01\/KleineWege_socialstories_Hans_4.jpg\" rel=\"noreferrer\" data-rel=\"iLightbox[gallery_image_1]\" class=\"fusion-lightbox\" target=\"_self\"><img decoding=\"async\" src=\"https:\/\/www.kleine-wege.de\/KW\/wp-content\/uploads\/2022\/01\/KleineWege_socialstories_Hans_4.jpg\" width=\"1200\" height=\"750\" alt=\"\" title=\"KleineWege_socialstories_Hans_4\" aria-label=\"KleineWege_socialstories_Hans_4\" class=\"img-responsive wp-image-3270\" srcset=\"https:\/\/www.kleine-wege.de\/KW\/wp-content\/uploads\/2022\/01\/KleineWege_socialstories_Hans_4-200x125.jpg 200w, https:\/\/www.kleine-wege.de\/KW\/wp-content\/uploads\/2022\/01\/KleineWege_socialstories_Hans_4-400x250.jpg 400w, https:\/\/www.kleine-wege.de\/KW\/wp-content\/uploads\/2022\/01\/KleineWege_socialstories_Hans_4-600x375.jpg 600w, https:\/\/www.kleine-wege.de\/KW\/wp-content\/uploads\/2022\/01\/KleineWege_socialstories_Hans_4-800x500.jpg 800w, https:\/\/www.kleine-wege.de\/KW\/wp-content\/uploads\/2022\/01\/KleineWege_socialstories_Hans_4.jpg 1200w\" sizes=\"(min-width: 2200px) 100vw, (min-width: 784px) 426px, (min-width: 712px) 639px, (min-width: 640px) 712px, \" \/><\/a><\/div><\/div><\/div><div class=\"fusion-text fusion-text-2\" style=\"transform:translate3d(0,0,0);\"><p>&nbsp;<\/p>\n<\/div>\n<\/div><\/div><\/div><style type=\"text\/css\">.fusion-body .fusion-builder-column-0{width:100% !important;margin-top : 0px;margin-bottom : 0px;}.fusion-builder-column-0 > .fusion-column-wrapper {padding-top : 0px !important;padding-right : 0px !important;margin-right : 0px;padding-bottom : 0px !important;padding-left : 0px !important;margin-left : 0px;}@media only screen and (max-width:1177px) {.fusion-body .fusion-builder-column-0{width:100% !important;}.fusion-builder-column-0 > .fusion-column-wrapper {margin-right : 0px;margin-left : 0px;}}@media only screen and (max-width:700px) {.fusion-body .fusion-builder-column-0{width:100% !important;}.fusion-builder-column-0 > .fusion-column-wrapper {margin-right : 0px;margin-left : 0px;}}<\/style><\/div><style type=\"text\/css\">.fusion-body .fusion-flex-container.fusion-builder-row-1{ padding-top : 0px;margin-top : 0px;padding-right : 0px;padding-bottom : 0px;margin-bottom : 0px;padding-left : 0px;}<\/style><\/div>\n","protected":false},"excerpt":{"rendered":"","protected":false},"author":1,"featured_media":3273,"comment_status":"open","ping_status":"open","sticky":false,"template":"","format":"standard","meta":[],"categories":[1],"tags":[30,29,33,27,25,31,28,26,20,22,24,21,23,18,32,19],"yoast_head":"<!-- This site is optimized with the Yoast SEO plugin v19.1 - https:\/\/yoast.com\/wordpress\/plugins\/seo\/ -->\n<title>Perspektivwechsel \u2013 Alles eine Frage der Sichtweise! - KleineWege\u00ae<\/title>\n<meta name=\"robots\" content=\"index, follow, max-snippet:-1, max-image-preview:large, max-video-preview:-1\" \/>\n<link rel=\"canonical\" href=\"https:\/\/www.kleine-wege.de\/KW\/2021\/05\/28\/perspektivwechsel-alles-eine-frage-der-sichtweise\/\" \/>\n<meta property=\"og:locale\" content=\"de_DE\" \/>\n<meta property=\"og:type\" content=\"article\" \/>\n<meta property=\"og:title\" content=\"Perspektivwechsel \u2013 Alles eine Frage der Sichtweise! - KleineWege\u00ae\" \/>\n<meta property=\"og:url\" content=\"https:\/\/www.kleine-wege.de\/KW\/2021\/05\/28\/perspektivwechsel-alles-eine-frage-der-sichtweise\/\" \/>\n<meta property=\"og:site_name\" content=\"KleineWege\u00ae\" \/>\n<meta property=\"article:published_time\" content=\"2021-05-28T07:18:47+00:00\" \/>\n<meta property=\"article:modified_time\" content=\"2024-04-03T11:00:25+00:00\" \/>\n<meta property=\"og:image\" content=\"https:\/\/www.kleine-wege.de\/KW\/wp-content\/uploads\/2022\/01\/KleineWege_socialstories_Hans_B-1.jpg\" \/>\n\t<meta property=\"og:image:width\" content=\"850\" \/>\n\t<meta property=\"og:image:height\" content=\"850\" \/>\n\t<meta property=\"og:image:type\" content=\"image\/jpeg\" \/>\n<meta name=\"twitter:card\" content=\"summary_large_image\" \/>\n<meta name=\"twitter:label1\" content=\"Verfasst von\" \/>\n\t<meta name=\"twitter:data1\" content=\"Yvette Schatz\" \/>\n\t<meta name=\"twitter:label2\" content=\"Gesch\u00e4tzte Lesezeit\" \/>\n\t<meta name=\"twitter:data2\" content=\"1\u00a0Minute\" \/>\n<script type=\"application\/ld+json\" class=\"yoast-schema-graph\">{\"@context\":\"https:\/\/schema.org\",\"@graph\":[{\"@type\":\"WebSite\",\"@id\":\"https:\/\/www.kleine-wege.de\/KW\/#website\",\"url\":\"https:\/\/www.kleine-wege.de\/KW\/\",\"name\":\"KleineWege\u00ae\",\"description\":\"F\u00f6rderung autistischer Menschen Heilp\u00e4dagogik im Konzept KleineWege\u00ae\",\"potentialAction\":[{\"@type\":\"SearchAction\",\"target\":{\"@type\":\"EntryPoint\",\"urlTemplate\":\"https:\/\/www.kleine-wege.de\/KW\/?s={search_term_string}\"},\"query-input\":\"required name=search_term_string\"}],\"inLanguage\":\"de\"},{\"@type\":\"ImageObject\",\"inLanguage\":\"de\",\"@id\":\"https:\/\/www.kleine-wege.de\/KW\/2021\/05\/28\/perspektivwechsel-alles-eine-frage-der-sichtweise\/#primaryimage\",\"url\":\"https:\/\/www.kleine-wege.de\/KW\/wp-content\/uploads\/2022\/01\/KleineWege_socialstories_Hans_B-1.jpg\",\"contentUrl\":\"https:\/\/www.kleine-wege.de\/KW\/wp-content\/uploads\/2022\/01\/KleineWege_socialstories_Hans_B-1.jpg\",\"width\":850,\"height\":850},{\"@type\":\"WebPage\",\"@id\":\"https:\/\/www.kleine-wege.de\/KW\/2021\/05\/28\/perspektivwechsel-alles-eine-frage-der-sichtweise\/#webpage\",\"url\":\"https:\/\/www.kleine-wege.de\/KW\/2021\/05\/28\/perspektivwechsel-alles-eine-frage-der-sichtweise\/\",\"name\":\"Perspektivwechsel \u2013 Alles eine Frage der Sichtweise! - KleineWege\u00ae\",\"isPartOf\":{\"@id\":\"https:\/\/www.kleine-wege.de\/KW\/#website\"},\"primaryImageOfPage\":{\"@id\":\"https:\/\/www.kleine-wege.de\/KW\/2021\/05\/28\/perspektivwechsel-alles-eine-frage-der-sichtweise\/#primaryimage\"},\"datePublished\":\"2021-05-28T07:18:47+00:00\",\"dateModified\":\"2024-04-03T11:00:25+00:00\",\"author\":{\"@id\":\"https:\/\/www.kleine-wege.de\/KW\/#\/schema\/person\/c96664ffd154d183f315dcc75bb5b139\"},\"breadcrumb\":{\"@id\":\"https:\/\/www.kleine-wege.de\/KW\/2021\/05\/28\/perspektivwechsel-alles-eine-frage-der-sichtweise\/#breadcrumb\"},\"inLanguage\":\"de\",\"potentialAction\":[{\"@type\":\"ReadAction\",\"target\":[\"https:\/\/www.kleine-wege.de\/KW\/2021\/05\/28\/perspektivwechsel-alles-eine-frage-der-sichtweise\/\"]}]},{\"@type\":\"BreadcrumbList\",\"@id\":\"https:\/\/www.kleine-wege.de\/KW\/2021\/05\/28\/perspektivwechsel-alles-eine-frage-der-sichtweise\/#breadcrumb\",\"itemListElement\":[{\"@type\":\"ListItem\",\"position\":1,\"name\":\"Startseite\",\"item\":\"https:\/\/www.kleine-wege.de\/KW\/\"},{\"@type\":\"ListItem\",\"position\":2,\"name\":\"Perspektivwechsel \u2013 Alles eine Frage der Sichtweise!\"}]},{\"@type\":\"Person\",\"@id\":\"https:\/\/www.kleine-wege.de\/KW\/#\/schema\/person\/c96664ffd154d183f315dcc75bb5b139\",\"name\":\"Yvette Schatz\",\"image\":{\"@type\":\"ImageObject\",\"inLanguage\":\"de\",\"@id\":\"https:\/\/www.kleine-wege.de\/KW\/#\/schema\/person\/image\/\",\"url\":\"https:\/\/secure.gravatar.com\/avatar\/81188b01651729718f1e4caa0cdc5ee1?s=96&d=mm&r=g\",\"contentUrl\":\"https:\/\/secure.gravatar.com\/avatar\/81188b01651729718f1e4caa0cdc5ee1?s=96&d=mm&r=g\",\"caption\":\"Yvette Schatz\"},\"sameAs\":[\"https:\/\/www.kleine-wege.de\/KW\"],\"url\":\"https:\/\/www.kleine-wege.de\/KW\/author\/yvette-schatz\/\"}]}<\/script>\n<!-- \/ Yoast SEO plugin. -->","yoast_head_json":{"title":"Perspektivwechsel \u2013 Alles eine Frage der Sichtweise! - KleineWege\u00ae","robots":{"index":"index","follow":"follow","max-snippet":"max-snippet:-1","max-image-preview":"max-image-preview:large","max-video-preview":"max-video-preview:-1"},"canonical":"https:\/\/www.kleine-wege.de\/KW\/2021\/05\/28\/perspektivwechsel-alles-eine-frage-der-sichtweise\/","og_locale":"de_DE","og_type":"article","og_title":"Perspektivwechsel \u2013 Alles eine Frage der Sichtweise! - KleineWege\u00ae","og_url":"https:\/\/www.kleine-wege.de\/KW\/2021\/05\/28\/perspektivwechsel-alles-eine-frage-der-sichtweise\/","og_site_name":"KleineWege\u00ae","article_published_time":"2021-05-28T07:18:47+00:00","article_modified_time":"2024-04-03T11:00:25+00:00","og_image":[{"width":850,"height":850,"url":"https:\/\/www.kleine-wege.de\/KW\/wp-content\/uploads\/2022\/01\/KleineWege_socialstories_Hans_B-1.jpg","type":"image\/jpeg"}],"twitter_card":"summary_large_image","twitter_misc":{"Verfasst von":"Yvette Schatz","Gesch\u00e4tzte Lesezeit":"1\u00a0Minute"},"schema":{"@context":"https:\/\/schema.org","@graph":[{"@type":"WebSite","@id":"https:\/\/www.kleine-wege.de\/KW\/#website","url":"https:\/\/www.kleine-wege.de\/KW\/","name":"KleineWege\u00ae","description":"F\u00f6rderung autistischer Menschen Heilp\u00e4dagogik im Konzept KleineWege\u00ae","potentialAction":[{"@type":"SearchAction","target":{"@type":"EntryPoint","urlTemplate":"https:\/\/www.kleine-wege.de\/KW\/?s={search_term_string}"},"query-input":"required name=search_term_string"}],"inLanguage":"de"},{"@type":"ImageObject","inLanguage":"de","@id":"https:\/\/www.kleine-wege.de\/KW\/2021\/05\/28\/perspektivwechsel-alles-eine-frage-der-sichtweise\/#primaryimage","url":"https:\/\/www.kleine-wege.de\/KW\/wp-content\/uploads\/2022\/01\/KleineWege_socialstories_Hans_B-1.jpg","contentUrl":"https:\/\/www.kleine-wege.de\/KW\/wp-content\/uploads\/2022\/01\/KleineWege_socialstories_Hans_B-1.jpg","width":850,"height":850},{"@type":"WebPage","@id":"https:\/\/www.kleine-wege.de\/KW\/2021\/05\/28\/perspektivwechsel-alles-eine-frage-der-sichtweise\/#webpage","url":"https:\/\/www.kleine-wege.de\/KW\/2021\/05\/28\/perspektivwechsel-alles-eine-frage-der-sichtweise\/","name":"Perspektivwechsel \u2013 Alles eine Frage der Sichtweise! - KleineWege\u00ae","isPartOf":{"@id":"https:\/\/www.kleine-wege.de\/KW\/#website"},"primaryImageOfPage":{"@id":"https:\/\/www.kleine-wege.de\/KW\/2021\/05\/28\/perspektivwechsel-alles-eine-frage-der-sichtweise\/#primaryimage"},"datePublished":"2021-05-28T07:18:47+00:00","dateModified":"2024-04-03T11:00:25+00:00","author":{"@id":"https:\/\/www.kleine-wege.de\/KW\/#\/schema\/person\/c96664ffd154d183f315dcc75bb5b139"},"breadcrumb":{"@id":"https:\/\/www.kleine-wege.de\/KW\/2021\/05\/28\/perspektivwechsel-alles-eine-frage-der-sichtweise\/#breadcrumb"},"inLanguage":"de","potentialAction":[{"@type":"ReadAction","target":["https:\/\/www.kleine-wege.de\/KW\/2021\/05\/28\/perspektivwechsel-alles-eine-frage-der-sichtweise\/"]}]},{"@type":"BreadcrumbList","@id":"https:\/\/www.kleine-wege.de\/KW\/2021\/05\/28\/perspektivwechsel-alles-eine-frage-der-sichtweise\/#breadcrumb","itemListElement":[{"@type":"ListItem","position":1,"name":"Startseite","item":"https:\/\/www.kleine-wege.de\/KW\/"},{"@type":"ListItem","position":2,"name":"Perspektivwechsel \u2013 Alles eine Frage der Sichtweise!"}]},{"@type":"Person","@id":"https:\/\/www.kleine-wege.de\/KW\/#\/schema\/person\/c96664ffd154d183f315dcc75bb5b139","name":"Yvette Schatz","image":{"@type":"ImageObject","inLanguage":"de","@id":"https:\/\/www.kleine-wege.de\/KW\/#\/schema\/person\/image\/","url":"https:\/\/secure.gravatar.com\/avatar\/81188b01651729718f1e4caa0cdc5ee1?s=96&d=mm&r=g","contentUrl":"https:\/\/secure.gravatar.com\/avatar\/81188b01651729718f1e4caa0cdc5ee1?s=96&d=mm&r=g","caption":"Yvette Schatz"},"sameAs":["https:\/\/www.kleine-wege.de\/KW"],"url":"https:\/\/www.kleine-wege.de\/KW\/author\/yvette-schatz\/"}]}},"_links":{"self":[{"href":"https:\/\/www.kleine-wege.de\/KW\/wp-json\/wp\/v2\/posts\/3263"}],"collection":[{"href":"https:\/\/www.kleine-wege.de\/KW\/wp-json\/wp\/v2\/posts"}],"about":[{"href":"https:\/\/www.kleine-wege.de\/KW\/wp-json\/wp\/v2\/types\/post"}],"author":[{"embeddable":true,"href":"https:\/\/www.kleine-wege.de\/KW\/wp-json\/wp\/v2\/users\/1"}],"replies":[{"embeddable":true,"href":"https:\/\/www.kleine-wege.de\/KW\/wp-json\/wp\/v2\/comments?post=3263"}],"version-history":[{"count":7,"href":"https:\/\/www.kleine-wege.de\/KW\/wp-json\/wp\/v2\/posts\/3263\/revisions"}],"predecessor-version":[{"id":7128,"href":"https:\/\/www.kleine-wege.de\/KW\/wp-json\/wp\/v2\/posts\/3263\/revisions\/7128"}],"wp:featuredmedia":[{"embeddable":true,"href":"https:\/\/www.kleine-wege.de\/KW\/wp-json\/wp\/v2\/media\/3273"}],"wp:attachment":[{"href":"https:\/\/www.kleine-wege.de\/KW\/wp-json\/wp\/v2\/media?parent=3263"}],"wp:term":[{"taxonomy":"category","embeddable":true,"href":"https:\/\/www.kleine-wege.de\/KW\/wp-json\/wp\/v2\/categories?post=3263"},{"taxonomy":"post_tag","embeddable":true,"href":"https:\/\/www.kleine-wege.de\/KW\/wp-json\/wp\/v2\/tags?post=3263"}],"curies":[{"name":"wp","href":"https:\/\/api.w.org\/{rel}","templated":true}]}}